[
  {
    "ID":182020,
    "title":"Hvar er draumurinn? kemur \u00ed b\u00ed\u00f3 3. september",
    "content":"<!-- wp:paragraph -->\n<p>N\u00fd \u00edslensk s\u00f6ngvamynd, Hvar er draumurinn?, ver\u00f0ur frums\u00fdnd \u00ed kvikmyndah\u00fasum 3. september.<\/p>\n<!-- \/wp:paragraph -->\n\n<!-- wp:image {\"id\":182057,\"width\":\"356px\",\"height\":\"auto\",\"aspectRatio\":\"0.6695027547248762\",\"sizeSlug\":\"full\",\"linkDestination\":\"media\",\"align\":\"center\"} -->\n<figure class=\"wp-block-image aligncenter size-full is-resized\"><a href=\"https:\/\/kvikmyndir.is\/wp-content\/uploads\/2026\/08\/restrdyfugiuftdre.jpg\"><img src=\"https:\/\/kvikmyndir.is\/wp-content\/uploads\/2026\/08\/restrdyfugiuftdre.jpg\" alt=\"\" class=\"wp-image-182057\" style=\"aspect-ratio:0.6695027547248762;width:356px;height:auto\"\/><\/a><\/figure>\n<!-- \/wp:image -->\n\n<!-- wp:paragraph -->\n<p>Sagan segir fr\u00e1 Bjarti, ungum manni sem \u00e1 f\u00e1tt anna\u00f0 en vinah\u00f3p sinn og skemmtista\u00f0inn S\u00f3d\u00f3ma. \u00deegar sta\u00f0urinn stendur frammi fyrir lokun \u00e1kve\u00f0a vinirnir a\u00f0 gera allt sem \u00feeir geta til a\u00f0 bjarga honum.<\/p>\n<!-- \/wp:paragraph -->\n\n<!-- wp:paragraph -->\n<p>\u00c1 sama t\u00edma tekur l\u00edf Bjarts \u00f3v\u00e6nta stefnu \u00feegar hann kynnist H\u00f3f\u00ed, ungri st\u00falku sem kemur \u00far allt \u00f6\u00f0rum heimi.<\/p>\n<!-- \/wp:paragraph -->\n\n<!-- wp:paragraph -->\n<p>Myndin gerist \u00ed Reykjav\u00edk snemma \u00e1 t\u00edunda \u00e1ratugnum og byggir \u00e1 l\u00f6gum S\u00e1larinnar hans J\u00f3ns m\u00edns.<\/p>\n<!-- \/wp:paragraph -->\n\n<!-- wp:image {\"id\":182060,\"sizeSlug\":\"large\",\"linkDestination\":\"media\",\"align\":\"center\"} -->\n<figure class=\"wp-block-image aligncenter size-large\"><a href=\"https:\/\/kvikmyndir.is\/wp-content\/uploads\/2026\/08\/dyfugigyftdr-1.jpg\"><img src=\"https:\/\/kvikmyndir.is\/wp-content\/uploads\/2026\/08\/dyfugigyftdr-1-1024x590.jpg\" alt=\"\" class=\"wp-image-182060\"\/><\/a><\/figure>\n<!-- \/wp:image -->\n\n<!-- wp:paragraph -->\n<p>T\u00f3nlist S\u00e1larinnar hans J\u00f3ns m\u00edns skipar st\u00f3ran sess \u00ed myndinni sem segir s\u00f6gu um \u00e1st, vin\u00e1ttu, gle\u00f0i og sorg.<\/p>\n<!-- \/wp:paragraph -->\n\n<!-- wp:heading -->\n<h2 class=\"wp-block-heading\">Fyrsta kvikmynd H\u00f6skuldar \u00ed fullri lengd<\/h2>\n<!-- \/wp:heading -->\n\n<!-- wp:paragraph -->\n<p>H\u00f6skuldur \u00de\u00f3r J\u00f3nsson er h\u00f6fundur, leikstj\u00f3ri og framlei\u00f0andi myndarinnar og er \u00feetta fyrsta kvikmynd hans \u00ed fullri lengd.<\/p>\n<!-- \/wp:paragraph -->\n\n<!-- wp:image {\"id\":182062,\"width\":\"495px\",\"height\":\"auto\",\"sizeSlug\":\"full\",\"linkDestination\":\"media\",\"align\":\"center\"} -->\n<figure class=\"wp-block-image aligncenter size-full is-resized\"><a href=\"https:\/\/kvikmyndir.is\/wp-content\/uploads\/2026\/08\/images-15.jpg\"><img src=\"https:\/\/kvikmyndir.is\/wp-content\/uploads\/2026\/08\/images-15-edited.jpg\" alt=\"\" class=\"wp-image-182062\" style=\"width:495px;height:auto\"\/><\/a><\/figure>\n<!-- \/wp:image -->\n\n<!-- wp:paragraph -->\n<p>Verkefni\u00f0 \u00e1 r\u00e6tur a\u00f0 rekja til s\u00f6ngleiks sem H\u00f6skuldur skrifa\u00f0i og leikst\u00fdr\u00f0i \u00ed Verzlunarsk\u00f3la \u00cdslands. Eftir g\u00f3\u00f0ar vi\u00f0t\u00f6kur var \u00e1kve\u00f0i\u00f0 a\u00f0 \u00fer\u00f3a hugmyndina \u00e1fram og f\u00e6ra s\u00f6guna yfir \u00ed kvikmynd.<\/p>\n<!-- \/wp:paragraph -->\n\n<!-- wp:image {\"id\":182036,\"sizeSlug\":\"large\",\"linkDestination\":\"media\",\"align\":\"center\"} -->\n<figure class=\"wp-block-image aligncenter size-large\"><a href=\"https:\/\/kvikmyndir.is\/wp-content\/uploads\/2026\/08\/MV5BMmU3OWQ0YmEtZGE5ZC00ZDYxLTg2MDktZGZjYjA5NDdkMjQwXkEyXkFqcGc@._V1_-scaled.jpg\"><img src=\"https:\/\/kvikmyndir.is\/wp-content\/uploads\/2026\/08\/MV5BMmU3OWQ0YmEtZGE5ZC00ZDYxLTg2MDktZGZjYjA5NDdkMjQwXkEyXkFqcGc@._V1_-edited-scaled.jpg\" alt=\"\" class=\"wp-image-182036\"\/><\/a><\/figure>\n<!-- \/wp:image -->\n\n<!-- wp:paragraph -->\n<p>T\u00f6kur f\u00f3ru fram s\u00ed\u00f0asta sumar og haust og st\u00f3\u00f0u yfir \u00ed 25 t\u00f6kudaga. Verkefni\u00f0 f\u00e9kk enga styrki og var drifi\u00f0 \u00e1fram af h\u00f3pi ungs f\u00f3lks \u00far kvikmyndager\u00f0 og ungum listam\u00f6nnum.<\/p>\n<!-- \/wp:paragraph -->\n\n<!-- wp:paragraph -->\n<p>A\u00f0 s\u00f6gn H\u00f6skuldar s\u00e6kir myndin me\u00f0al annars innbl\u00e1stur \u00ed \u00edslenskar myndir \u00e1 bor\u00f0 vi\u00f0 Me\u00f0 allt \u00e1 hreinu og S\u00f3d\u00f3mu Reykjav\u00edk. Hann hefur einnig nefnt Grease sem \u00e1hrifavald.<\/p>\n<!-- \/wp:paragraph -->\n\n<!-- wp:heading -->\n<h2 class=\"wp-block-heading\">Ungur leikarah\u00f3pur<\/h2>\n<!-- \/wp:heading -->\n\n<!-- wp:paragraph -->\n<p>Me\u00f0 helstu hlutverk fara Mikael Kaaber, Sigr\u00ed\u00f0ur Ragnarsd\u00f3ttir, Berglind Alda \u00c1st\u00fe\u00f3rsd\u00f3ttir og M\u00edmir Bjarki P\u00e1lmason.<\/p>\n<!-- \/wp:paragraph -->\n\n<!-- wp:gallery {\"linkTo\":\"file\"} -->\n<figure class=\"wp-block-gallery has-nested-images columns-default is-cropped\"><!-- wp:image {\"id\":182052,\"sizeSlug\":\"large\",\"linkDestination\":\"media\"} -->\n<figure class=\"wp-block-image size-large\"><a href=\"https:\/\/kvikmyndir.is\/wp-content\/uploads\/2026\/08\/saerth-edited.jpg\"><img src=\"https:\/\/kvikmyndir.is\/wp-content\/uploads\/2026\/08\/saerth-edited.jpg\" alt=\"\" class=\"wp-image-182052\"\/><\/a><\/figure>\n<!-- \/wp:image -->\n\n<!-- wp:image {\"id\":182048,\"sizeSlug\":\"large\",\"linkDestination\":\"media\"} -->\n<figure class=\"wp-block-image size-large\"><a href=\"https:\/\/kvikmyndir.is\/wp-content\/uploads\/2026\/08\/strdyfug.jpg\"><img src=\"https:\/\/kvikmyndir.is\/wp-content\/uploads\/2026\/08\/strdyfug-edited.jpg\" alt=\"\" class=\"wp-image-182048\"\/><\/a><\/figure>\n<!-- \/wp:image -->\n\n<!-- wp:image {\"id\":182040,\"sizeSlug\":\"large\",\"linkDestination\":\"media\"} -->\n<figure class=\"wp-block-image size-large\"><a href=\"https:\/\/kvikmyndir.is\/wp-content\/uploads\/2026\/08\/retryuiuythg-edited.jpg\"><img src=\"https:\/\/kvikmyndir.is\/wp-content\/uploads\/2026\/08\/retryuiuythg-edited.jpg\" alt=\"\" class=\"wp-image-182040\"\/><\/a><\/figure>\n<!-- \/wp:image -->\n\n<!-- wp:image {\"id\":182046,\"sizeSlug\":\"full\",\"linkDestination\":\"media\"} -->\n<figure class=\"wp-block-image size-full\"><a href=\"https:\/\/kvikmyndir.is\/wp-content\/uploads\/2026\/08\/rtrhydufkigu.jpg\"><img src=\"https:\/\/kvikmyndir.is\/wp-content\/uploads\/2026\/08\/rtrhydufkigu-edited.jpg\" alt=\"\" class=\"wp-image-182046\"\/><\/a><\/figure>\n<!-- \/wp:image -->\n\n<!-- wp:image {\"id\":182055,\"sizeSlug\":\"large\",\"linkDestination\":\"media\"} -->\n<figure class=\"wp-block-image size-large\"><a href=\"https:\/\/kvikmyndir.is\/wp-content\/uploads\/2026\/08\/saretyuh-edited.jpg\"><img src=\"https:\/\/kvikmyndir.is\/wp-content\/uploads\/2026\/08\/saretyuh-edited.jpg\" alt=\"\" class=\"wp-image-182055\"\/><\/a><\/figure>\n<!-- \/wp:image -->\n\n<!-- wp:image {\"id\":182049,\"sizeSlug\":\"large\",\"linkDestination\":\"media\"} -->\n<figure class=\"wp-block-image size-large\"><a href=\"https:\/\/kvikmyndir.is\/wp-content\/uploads\/2026\/08\/ewaretyu.jpg\"><img src=\"https:\/\/kvikmyndir.is\/wp-content\/uploads\/2026\/08\/ewaretyu-edited.jpg\" alt=\"\" class=\"wp-image-182049\"\/><\/a><\/figure>\n<!-- \/wp:image --><\/figure>\n<!-- \/wp:gallery -->\n\n<!-- wp:paragraph -->\n<p>Einnig koma fram Kolbeinn Sveinsson, Ingi \u00de\u00f3r \u00de\u00f3rhallsson, Hrafnhildur Ingad\u00f3ttir, Molly Mitchell og Salka S\u00f3l Eyfeld.<\/p>\n<!-- \/wp:paragraph -->\n\n<!-- wp:paragraph -->\n<p>Hvar er draumurinn? er 106 m\u00edn\u00fatur a\u00f0 lengd og ver\u00f0ur frums\u00fdnd 3. september. Myndin ver\u00f0ur s\u00fdnd \u00ed Samb\u00ed\u00f3unum \u00ed Kringlunni og Egilsh\u00f6ll, Laugar\u00e1sb\u00ed\u00f3i og Sm\u00e1rab\u00ed\u00f3i.<\/p>\n<!-- \/wp:paragraph -->\n\n<!-- wp:paragraph -->\n<p>Stikluna \u00far myndinni m\u00e1 sj\u00e1 h\u00e9r fyrir ne\u00f0an.<\/p>\n<!-- \/wp:paragraph -->\n\n<!-- wp:embed {\"url\":\"https:\/\/www.youtube.com\/watch?v=H5PQHjqvkII\",\"type\":\"video\",\"providerNameSlug\":\"youtube\",\"responsive\":true,\"className\":\"wp-embed-aspect-16-9 wp-has-aspect-ratio\"} -->\n<figure class=\"wp-block-embed is-type-video is-provider-youtube wp-block-embed-youtube wp-embed-aspect-16-9 wp-has-aspect-ratio\"><div class=\"wp-block-embed__wrapper\">\nhttps:\/\/www.youtube.com\/watch?v=H5PQHjqvkII\n<\/div><\/figure>\n<!-- \/wp:embed -->\n\n<!-- wp:paragraph -->\n<p><strong>Heimildir<\/strong><br>V\u00edsir - <a href=\"https:\/\/www.visir.is\/g\/20262918131d\/glae-ny-stikla-ur-hvar-er-draumurinn-\">\u201eGl\u00e6n\u00fd stikla \u00far Hvar er draumurinn?\u201c<\/a><br>DV - <em><a href=\"https:\/\/www.dv.is\/fokus\/2025\/08\/19\/hvar-er-draumurinn-log-salarinnar-a-leidinni-a-hvita-tjaldid\">\u201eHvar er draumurinn? L\u00f6g S\u00e1larinnar \u00e1 lei\u00f0inni \u00e1 hv\u00edta tjaldi\u00f0.\u201c<\/a><\/em><br>Sm\u00e1rab\u00ed\u00f3 - <a href=\"https:\/\/www.smarabio.is\/kvikmyndir\/hvar-er-draumurinn-exwkbp\">\u201eHvar er draumurinn?\u201c<\/a><\/p>\n<!-- \/wp:paragraph -->\n\n<!-- wp:paragraph -->\n<p>[movie id=18679]<\/p>\n<!-- \/wp:paragraph -->",
    "date":"2026-08-30 22:50:24",
    "link":"http:\/\/kvikmyndir.is\/frettir\/frett\/?id=182020"
  },
  {
    "ID":182000,
    "title":"Heitustu myndirnar \u00feessa vikuna",
    "content":"<strong>H\u00e9r er listi yfir \u00fe\u00e6r myndir sem vekja mesta athygli lesenda \u00ed lok \u00e1g\u00fast 2026.<\/strong>\n\n\u00dea\u00f0 er alltaf forvitnilegt a\u00f0 sj\u00e1 hva\u00f0a myndir notendur eru mest a\u00f0 sko\u00f0a \u00e1 hverjum t\u00edma \u00e1 Kvikmyndir.is\u00a0 \u00deessa vikuna eru nokkrar myndir sem standa upp \u00far \u00feegar kemur a\u00f0 aukningu \u00ed s\u00ed\u00f0uflettingum. B\u00e6\u00f0i klass\u00edskar myndir og n\u00fdjar, spennandi \u00fatg\u00e1fur n\u00e1\u00f0u \u00e1 toppinn.\n\n<a href=\"https:\/\/kvikmyndir.is\/wp-content\/uploads\/2026\/08\/hvarer.png\"><img class=\"aligncenter size-full wp-image-182003\" src=\"https:\/\/kvikmyndir.is\/wp-content\/uploads\/2026\/08\/hvarer.png\" alt=\"\" width=\"1233\" height=\"736\" \/><\/a>\n<h2>Klass\u00edsk t\u00f3nlist og \u00edslenskt drama<\/h2>\n\"The Last Waltz\" fr\u00e1 1978 hefur teki\u00f0 mikinn kipp me\u00f0 500% aukningu \u00ed s\u00ed\u00f0uflettingum, sem er \u00e1hugavert fyrir mynd sem er or\u00f0in nokku\u00f0 g\u00f6mul. \u00cdslenska kvikmyndin \"Berdreymi\" fr\u00e1 2022 er einnig a\u00f0 taka st\u00f3rt st\u00f6kk fram \u00e1 vi\u00f0 me\u00f0 s\u00f6mu aukningu og 100 flettingar. \u00deessi aukning s\u00fdnir \u00e1huga \u00e1 g\u00f6mlum g\u00f3\u00f0um klass\u00edskum sem og \u00edslenskum kvikmyndum, en \u00fea\u00f0 spilar einnig inn \u00ed a\u00f0 \u00feessar myndir hafa veri\u00f0 \u00ed bo\u00f0i \u00ed b\u00ed\u00f3 og sj\u00f3nvarpi.\n<h2>N\u00fdjar myndir \u00e1 upplei\u00f0<\/h2>\nNokkrar n\u00fdjar myndir eru einnig a\u00f0 vekja athygli. \"Motor City\" og \"R\u00f6skun\", b\u00e1\u00f0ar fr\u00e1 2026, s\u00fdna mikinn v\u00f6xt me\u00f0 500% og 362% aukningu \u00ed flettingum, \u00ed s\u00f6mu r\u00f6\u00f0. \u00deessar n\u00fdju kvikmyndir vir\u00f0ast vera a\u00f0 fanga \u00edmyndunarafl \u00e1horfenda og skapa umtal.\n\n\"Hvar er draumurinn\" er \u00fe\u00f3 s\u00fa mynd sem hefur mesta fj\u00f6lda s\u00ed\u00f0uflettinga af \u00f6llum \u00ed \u00feessari viku, me\u00f0 301 flettingu og 231% v\u00f6xt. \u00deessi mikla a\u00f0s\u00f3kn bendir til \u00feess a\u00f0 h\u00fan s\u00e9 virkilega a\u00f0 sl\u00e1 \u00ed gegn hj\u00e1 notendum.\n<h2>Fj\u00f6lbreytt \u00farval<\/h2>\n\u00dea\u00f0 er gaman a\u00f0 sj\u00e1 fj\u00f6lbreytileikann \u00ed lista vikunnar. Fr\u00e1 er\u00f3t\u00edskum \u00e1stars\u00f6gum eins og \"Veggf\u00f3\u00f0ur: er\u00f3t\u00edsk \u00e1starsaga\" fr\u00e1 1992 til \"Spa Weekend\" og \"The Dog Stars\" fr\u00e1 2026, sem hafa 131 og 175 s\u00ed\u00f0uflettingar hvor um sig. \u00deetta s\u00fdnir a\u00f0 notendur hafa fj\u00f6lbreyttan smekk og eru opnir fyrir b\u00e6\u00f0i n\u00fdjum og g\u00f6mlum myndum.\n\n\u00dea\u00f0 ver\u00f0ur spennandi a\u00f0 fylgjast me\u00f0 hvernig listinn \u00fer\u00f3ast \u00e1 n\u00e6stu vikum og hva\u00f0a myndir munu halda \u00e1fram a\u00f0 vekja athygli.",
    "date":"2026-08-27 20:56:25",
    "link":"http:\/\/kvikmyndir.is\/frettir\/frett\/?id=182000"
  },
  {
    "ID":181974,
    "title":"Spider-Man heldur topps\u00e6tinu \u00ed \u00edslenskum b\u00ed\u00f3um",
    "content":"<strong>\u00der\u00e1tt fyrir 28% fall heldur Spider-Man: Brand New Day \u00e1fram a\u00f0 la\u00f0a a\u00f0 \u00e1horfendur. Insidious: Out of the Further kemur n\u00fd inn \u00e1 listann.<\/strong>\n\nHelgin 20. til 23. \u00e1g\u00fast 2026 var l\u00edfleg \u00ed kvikmyndah\u00fasum \u00e1 \u00cdslandi \u00fer\u00e1tt a\u00f0 margir hafi s\u00f3tt menningarn\u00f3tt og mara\u00feon. Toppmyndin \u00ed a\u00f0s\u00f3kn var enn og aftur <em>Spider-Man: Brand New Day<\/em>. \u00der\u00e1tt fyrir 28% fall mi\u00f0a\u00f0 vi\u00f0 s\u00ed\u00f0ustu helgi, n\u00e1\u00f0i myndin a\u00f0 halda s\u00e9r \u00e1 toppnum me\u00f0 tekjur upp \u00e1 7.944.521 kr\u00f3nur. H\u00fan var s\u00fdnd \u00ed 10 s\u00f6lum og la\u00f0a\u00f0i a\u00f0 3.621 \u00e1horfendur.\n\n<a href=\"https:\/\/kvikmyndir.is\/wp-content\/uploads\/2026\/07\/dfgfhgj.jpg\"><img class=\"aligncenter size-full wp-image-181658\" src=\"https:\/\/kvikmyndir.is\/wp-content\/uploads\/2026\/07\/dfgfhgj.jpg\" alt=\"\" width=\"1354\" height=\"900\" \/><\/a>\n<h2>N\u00fdjar myndir og hreyfingar<\/h2>\n<em>Insidious: Out of the Further<\/em> er n\u00fd \u00e1 lista og kemur sterk inn \u00ed fj\u00f3r\u00f0a s\u00e6ti me\u00f0 tekjur upp \u00e1 2.657.896 kr\u00f3nur og 1.176 \u00e1horfendur. \u00deetta er g\u00f3\u00f0 byrjun fyrir \u00feessa hryllingsmynd sem s\u00fdnd var \u00ed 5 s\u00f6lum.\n\n<em>Ice Cream Man<\/em> er \u00f6nnur n\u00fd mynd \u00e1 lista og situr \u00ed n\u00edunda s\u00e6ti me\u00f0 tekjur upp \u00e1 335.282 kr\u00f3nur og 152 \u00e1horfendur \u00ed einni s\u00fdningu.\n<h2>H\u00e6kkun og l\u00e6kkun<\/h2>\n<em>Paw Patrol: The Dino Movie<\/em> skorar h\u00e6st pr\u00f3sentulega me\u00f0 50% aukningu \u00ed a\u00f0s\u00f3kn. H\u00fan hoppar \u00far fj\u00f3r\u00f0a \u00ed \u00feri\u00f0ja s\u00e6ti me\u00f0 4.085.150 kr\u00f3na tekjur og 2.456 \u00e1horfendur.\n\n\u00c1 hinn b\u00f3ginn hefur <em>The End of Oak Street<\/em> l\u00e6kka\u00f0 um 25%, og f\u00e6rir sig \u00far \u00feri\u00f0ja \u00ed fimmta s\u00e6ti. Tekjur hennar voru 2.086.532 kr\u00f3nur me\u00f0 933 \u00e1horfendur.\n\nSamantekt helgarinnar s\u00fdnir alls 11.967 mi\u00f0a keypta \u00ed \u00edslensk b\u00ed\u00f3, sem er aukning fr\u00e1 s\u00ed\u00f0ustu viku \u00feegar 11.339 \u00e1horfendur komu a\u00f0 hv\u00edta tjaldinu.",
    "date":"2026-08-25 11:49:05",
    "link":"http:\/\/kvikmyndir.is\/frettir\/frett\/?id=181974"
  },
  {
    "ID":181972,
    "title":"\u00c1stin sem eftir er tilnefnd til Kvikmyndaver\u00f0launa Nor\u00f0urlandar\u00e1\u00f0s",
    "content":"<!-- wp:paragraph -->\n<p>\u00cdslenska kvikmyndin <em><a href=\"https:\/\/www.norden.org\/sv\/nominee\/love-remains-island\">\u00c1stin sem eftir er<\/a><\/em>, eftir leikstj\u00f3rann Hlyn P\u00e1lmason, hefur veri\u00f0 tilnefnd til Kvikmyndaver\u00f0launa Nor\u00f0urlandar\u00e1\u00f0s 2026.<\/p>\n<!-- \/wp:paragraph -->\n\n<!-- wp:image {\"id\":181979,\"sizeSlug\":\"large\",\"linkDestination\":\"media\",\"align\":\"center\"} -->\n<figure class=\"wp-block-image aligncenter size-large\"><a href=\"https:\/\/kvikmyndir.is\/wp-content\/uploads\/2026\/08\/sfdgfhjkhlgjhgf.jpg\"><img src=\"https:\/\/kvikmyndir.is\/wp-content\/uploads\/2026\/08\/sfdgfhjkhlgjhgf-edited.jpg\" alt=\"\" class=\"wp-image-181979\"\/><\/a><\/figure>\n<!-- \/wp:image -->\n\n<!-- wp:paragraph -->\n<p>Alls eru sex kvikmyndir tilnefndar til ver\u00f0launanna \u00ed \u00e1r, fimm leiknar kvikmyndir og ein heimildarmynd. Tilnefningarnar ver\u00f0a formlega kynntar \u00e1 morgun \u00e1 norsku kvikmyndah\u00e1t\u00ed\u00f0inni \u00ed Haugesund.<\/p>\n<!-- \/wp:paragraph -->\n\n<!-- wp:paragraph -->\n<p>Hlynur P\u00e1lmason er tilnefndur sem leikstj\u00f3ri og handritsh\u00f6fundur myndarinnar og framlei\u00f0endurnir Anton M\u00e1ni Svansson og Katrin Pors eru einnig tilnefnd.<\/p>\n<!-- \/wp:paragraph -->\n\n<!-- wp:paragraph -->\n<p>\u00deetta er \u00ed fj\u00f3r\u00f0a sinn sem Hlynur hl\u00fdtur tilnefningu til Kvikmyndaver\u00f0launa Nor\u00f0urlandar\u00e1\u00f0s. Hann var fyrst tilnefndur \u00e1ri\u00f0 2018 fyrir <em>Vetrarbr\u00e6\u00f0ur<\/em>, \u00e1ri\u00f0 2019 fyrir <em>Hv\u00edtan, hv\u00edtan dag<\/em> og \u00e1ri\u00f0 2022 fyrir <em>Vola\u00f0a land<\/em>.<\/p>\n<!-- \/wp:paragraph -->\n\n<!-- wp:paragraph -->\n<p>[movie id=11362] [movie id=11946] [movie id=14054]<\/p>\n<!-- \/wp:paragraph -->\n\n<!-- wp:paragraph -->\n<p>Anton M\u00e1ni Svansson hefur einnig komi\u00f0 a\u00f0 framlei\u00f0slu allra fj\u00f6gurra myndanna og hl\u00fdtur n\u00fa s\u00edna fj\u00f3r\u00f0u tilnefningu. Katrin Pors hefur framleitt s\u00ed\u00f0ustu fimm verkefni Hlyns \u00e1samt Antoni M\u00e1na og er raunar me\u00f0 tv\u00e6r myndir \u00ed keppninni \u00ed \u00e1r, \u00fear sem h\u00fan er einnig einn framlei\u00f0enda d\u00f6nsku myndarinnar <em>Beginnings<\/em>.<\/p>\n<!-- \/wp:paragraph -->\n\n<!-- wp:paragraph -->\n<p><em>\u00c1stin sem eftir er<\/em> var frums\u00fdnd \u00ed Cannes Premi\u00e8re hluta Cannes kvikmyndah\u00e1t\u00ed\u00f0arinnar \u00e1ri\u00f0 2025. Myndin fylgir \u00d6nnu og Magn\u00fasi \u00ed gegnum eitt \u00e1r \u00fear sem \u00feau takast \u00e1 vi\u00f0 skilna\u00f0 og breytt fj\u00f6lskyldul\u00edf. D\u00f3mnefndin l\u00fdsir henni me\u00f0al annars sem rauns\u00e6rri og gamansamri s\u00fdn \u00e1 sorg, \u00e1st, list og st\u00f6rf.<\/p>\n<!-- \/wp:paragraph -->\n\n<!-- wp:image {\"id\":181977,\"sizeSlug\":\"full\",\"linkDestination\":\"media\"} -->\n<figure class=\"wp-block-image size-full\"><a href=\"https:\/\/kvikmyndir.is\/wp-content\/uploads\/2026\/08\/jgfhkjhouigfhgd.jpg\"><img src=\"https:\/\/kvikmyndir.is\/wp-content\/uploads\/2026\/08\/jgfhkjhouigfhgd.jpg\" alt=\"\" class=\"wp-image-181977\"\/><\/a><\/figure>\n<!-- \/wp:image -->\n\n<!-- wp:heading -->\n<h2 class=\"wp-block-heading\">Hinar tilnefndu myndirnar<\/h2>\n<!-- \/wp:heading -->\n\n<!-- wp:paragraph -->\n<p>Danm\u00f6rk sendir <em>Beginnings<\/em> eftir Jeanette Nordahl. Myndin fjallar um Ane og Thomas sem eru \u00e1 lei\u00f0 \u00ed skilna\u00f0 \u00feegar Ane f\u00e6r heilabl\u00f3\u00f0fall og fj\u00f6lskyldan ney\u00f0ist til a\u00f0 takast \u00e1 vi\u00f0 gj\u00f6rbreyttar a\u00f0st\u00e6\u00f0ur.<br>[movie id=18796]<\/p>\n<!-- \/wp:paragraph -->\n\n<!-- wp:paragraph -->\n<p>Finnska myndin <em>A Light That Never Goes Out<\/em>, eftir Lauri-Matti Parppei, segir fr\u00e1 29 \u00e1ra flautuleikaranum Pauli sem sn\u00fdr aftur \u00ed heimab\u00e6 sinn eftir \u00e1fall og finnur n\u00fdjan tilgang \u00ed vin\u00e1ttu og heimi tilraunakenndrar t\u00f3nlistar.<br>[movie id=18797]<\/p>\n<!-- \/wp:paragraph -->\n\n<!-- wp:paragraph -->\n<p>Framlag F\u00e6reyja er heimildarmyndin <em>Birita<\/em> eftir B\u00faa Dam. \u00dear fylgist hann me\u00f0 fj\u00f6lskyldu sinni undirb\u00faa uppf\u00e6rslu \u00e1 <em>L\u00e9r konungi<\/em> eftir Shakespeare \u00fear sem m\u00f3\u00f0ir hans, leikkonan Birita Mohr sem gl\u00edmir vi\u00f0 Alzheimer, fer me\u00f0 a\u00f0alhlutverki\u00f0.<br>[movie id=18799]<\/p>\n<!-- \/wp:paragraph -->\n\n<!-- wp:paragraph -->\n<p>Norska myndin <em>Sentimental Value<\/em> eftir Joachim Trier fjallar um systurnar Noru og Agnes sem endurn\u00fdja kynni s\u00edn vi\u00f0 f\u00f6\u00f0ur sinn, fyrrverandi kvikmyndaleikstj\u00f3ra sem reynir a\u00f0 sn\u00faa aftur me\u00f0 n\u00fdrri mynd. \u00deegar Nora hafnar a\u00f0alhlutverkinu r\u00e6\u00f0ur hann unga Hollywood stj\u00f6rnu \u00ed hennar sta\u00f0 og g\u00f6mul fj\u00f6lskyldutengsl fl\u00e6kjast enn frekar.<br>[movie id=17812]<\/p>\n<!-- \/wp:paragraph -->\n\n<!-- wp:paragraph -->\n<p>S\u00e6nska myndin <em>Kevlarsj\u00e4l<\/em> eftir Mariu Eriksson-Hecht segir fr\u00e1 br\u00e6\u00f0runum Alex og Robin sem \u00feurfa a\u00f0 sj\u00e1 a\u00f0 mestu um sig sj\u00e1lfir eftir a\u00f0 m\u00f3\u00f0ir \u00feeirra deyr. Sterk tengsl \u00feeirra eru s\u00ed\u00f0an reynd \u00feegar Alex ver\u00f0ur \u00e1stfanginn og Robin upplifir a\u00f0 br\u00f3\u00f0ir hans hafi yfirgefi\u00f0 sig.<br>[movie id=18800]<\/p>\n<!-- \/wp:paragraph -->\n\n<!-- wp:heading -->\n<h2 class=\"wp-block-heading\">Ver\u00f0launin fyrst veitt \u00e1ri\u00f0 2002<\/h2>\n<!-- \/wp:heading -->\n\n<!-- wp:paragraph -->\n<p>Kvikmyndaver\u00f0laun Nor\u00f0urlandar\u00e1\u00f0s voru fyrst veitt \u00e1ri\u00f0 2002 og hafa veri\u00f0 veitt \u00e1rlega fr\u00e1 \u00e1rinu 2005. Ver\u00f0launin eru veitt norr\u00e6nni kvikmynd sem \u00feykir skara fram \u00far listr\u00e6nt og \u00e1 sama t\u00edma eiga r\u00e6tur s\u00ednar a\u00f0 rekja til norr\u00e6nnar menningar.<\/p>\n<!-- \/wp:paragraph -->\n\n<!-- wp:paragraph -->\n<p>Ver\u00f0launin nema 300 \u00fe\u00fasund d\u00f6nskum kr\u00f3num, e\u00f0a um 5,7 millj\u00f3num \u00edslenskra kr\u00f3na, og skiptast jafnt \u00e1 milli handritsh\u00f6fundar, leikstj\u00f3ra og framlei\u00f0anda e\u00f0a framlei\u00f0enda ver\u00f0launamyndarinnar.<\/p>\n<!-- \/wp:paragraph -->\n\n<!-- wp:paragraph -->\n<p>Tilnefndu myndirnar ver\u00f0a s\u00fdndar v\u00ed\u00f0s vegar um Nor\u00f0url\u00f6ndin \u00ed haust. H\u00e9r \u00e1 landi ver\u00f0a \u00fe\u00e6r s\u00fdndar \u00ed B\u00ed\u00f3 Parad\u00eds dagana 13. til 18. okt\u00f3ber \u00e1 s\u00e9rst\u00f6kum s\u00fdningum \u00ed samstarfi vi\u00f0 Stockfish, en Stockfish kvikmyndah\u00e1t\u00ed\u00f0in f\u00f3r fram \u00ed mars s\u00ed\u00f0astli\u00f0num.<\/p>\n<!-- \/wp:paragraph -->\n\n<!-- wp:paragraph -->\n<p>Sigurvegarinn ver\u00f0ur tilkynntur 20. okt\u00f3ber og tekur vi\u00f0 Nordlys-styttunni \u00ed Helsinki.<\/p>\n<!-- \/wp:paragraph -->\n\n<!-- wp:paragraph -->\n<p><\/p>\n<!-- \/wp:paragraph -->",
    "date":"2026-08-24 16:41:29",
    "link":"http:\/\/kvikmyndir.is\/frettir\/frett\/?id=181972"
  },
  {
    "ID":181950,
    "title":"National Treasure 3 a\u00f0 veruleika",
    "content":"<!-- wp:paragraph -->\n<p>G\u00f3\u00f0ar fr\u00e9ttir fyrir a\u00f0d\u00e1endur <em>National Treasure<\/em> \u00e6vint\u00fdramyndanna. Eftir t\u00e6plega 20 \u00e1ra bi\u00f0 vir\u00f0ist \u00feri\u00f0ja myndin loksins vera komin ansi n\u00e1l\u00e6gt \u00fev\u00ed a\u00f0 ver\u00f0a a\u00f0 veruleika.<\/p>\n<!-- \/wp:paragraph -->\n\n<!-- wp:image {\"id\":181959,\"sizeSlug\":\"large\",\"linkDestination\":\"media\",\"align\":\"center\"} -->\n<figure class=\"wp-block-image aligncenter size-large\"><a href=\"https:\/\/kvikmyndir.is\/wp-content\/uploads\/2026\/08\/arsgtrdhyujiko.jpg\"><img src=\"https:\/\/kvikmyndir.is\/wp-content\/uploads\/2026\/08\/arsgtrdhyujiko-edited.jpg\" alt=\"\" class=\"wp-image-181959\"\/><\/a><\/figure>\n<!-- \/wp:image -->\n\n<!-- wp:paragraph -->\n<p>Jon Turteltaub, leikstj\u00f3ri fyrstu tveggja <em>National Treasure<\/em> myndanna, sta\u00f0festi t\u00ed\u00f0indin vi\u00f0 uppt\u00f6ku \u00e1 <em>National Treasure Hunt<\/em> hla\u00f0varpinu \u00ed Philadelphia.<\/p>\n<!-- \/wp:paragraph -->\n\n<!-- wp:image {\"id\":181953,\"width\":\"719px\",\"height\":\"auto\",\"aspectRatio\":\"1.7808990625103522\",\"sizeSlug\":\"large\",\"linkDestination\":\"media\",\"align\":\"center\"} -->\n<figure class=\"wp-block-image aligncenter size-large is-resized\"><a href=\"https:\/\/kvikmyndir.is\/wp-content\/uploads\/2026\/08\/restuiyk.jpg\"><img src=\"https:\/\/kvikmyndir.is\/wp-content\/uploads\/2026\/08\/restuiyk-1024x575.jpg\" alt=\"\" class=\"wp-image-181953\" style=\"aspect-ratio:1.7808990625103522;width:719px;height:auto\"\/><\/a><\/figure>\n<!-- \/wp:image -->\n\n<!-- wp:paragraph -->\n<p>\u201e\u00deetta er a\u00f0 gerast,\u201c sag\u00f0i Turteltaub og b\u00e6tti vi\u00f0 a\u00f0 \u00feetta v\u00e6ri \u00ed fyrsta sinn sem hann seg\u00f0i fr\u00e1 \u00feessu opinberlega.<\/p>\n<!-- \/wp:paragraph -->\n\n<!-- wp:paragraph -->\n<p>\u201e\u00deetta er loksins or\u00f0i\u00f0 raunverulegt. N\u00fa er \u00feetta au\u00f0vita\u00f0 Hollywood raunverulegt, sem \u00fe\u00fd\u00f0ir a\u00f0 \u00fdmislegt getur enn gerst.\u201c<\/p>\n<!-- \/wp:paragraph -->\n\n<!-- wp:heading -->\n<h2 class=\"wp-block-heading\">Handriti\u00f0 langt komi\u00f0<\/h2>\n<!-- \/wp:heading -->\n\n<!-- wp:paragraph -->\n<p>\u00dea\u00f0 hefur lengi veri\u00f0 r\u00e6tt um <em>National Treasure 3<\/em>, en n\u00fa vir\u00f0ist verkefni\u00f0 loksins vera komi\u00f0 \u00e1 alv\u00f6ru skri\u00f0.<\/p>\n<!-- \/wp:paragraph -->\n\n<!-- wp:paragraph -->\n<p>Turteltaub segir a\u00f0 n\u00fa s\u00e9 komi\u00f0 handrit sem honum l\u00edki vel vi\u00f0 og Disney hafi einnig teki\u00f0 vel \u00ed \u00fea\u00f0. A\u00f0 hans s\u00f6gn telur kvikmyndaveri\u00f0 a\u00f0 h\u00e9r s\u00e9 komin saga sem h\u00e6gt s\u00e9 a\u00f0 gera a\u00f0 kvikmynd.<\/p>\n<!-- \/wp:paragraph -->\n\n<!-- wp:image {\"id\":181963,\"sizeSlug\":\"large\",\"linkDestination\":\"media\",\"align\":\"center\"} -->\n<figure class=\"wp-block-image aligncenter size-large\"><a href=\"https:\/\/kvikmyndir.is\/wp-content\/uploads\/2026\/08\/poiuhbopiojbhjkn.jpg\"><img src=\"https:\/\/kvikmyndir.is\/wp-content\/uploads\/2026\/08\/poiuhbopiojbhjkn-edited.jpg\" alt=\"\" class=\"wp-image-181963\"\/><\/a><\/figure>\n<!-- \/wp:image -->\n\n<!-- wp:paragraph -->\n<p>Jerry Bruckheimer framlei\u00f0andi <em>National Treasure<\/em> myndanna haf\u00f0i \u00e1\u00f0ur sta\u00f0fest a\u00f0 unni\u00f0 v\u00e6ri a\u00f0 \u00feri\u00f0ju myndinni. N\u00fdjustu umm\u00e6li Turteltaubs eru \u00fe\u00f3 sterkasta v\u00edsbendingin hinga\u00f0 til um a\u00f0 myndin s\u00e9 \u00ed alv\u00f6runni \u00e1 lei\u00f0inni.<\/p>\n<!-- \/wp:paragraph -->\n\n<!-- wp:heading -->\n<h2 class=\"wp-block-heading\">Nicolas Cage og gamla gengi\u00f0 aftur<\/h2>\n<!-- \/wp:heading -->\n\n<!-- wp:paragraph -->\n<p>Nicolas Cage l\u00e9k fj\u00e1rsj\u00f3\u00f0sleitarmanninn Ben Gates \u00ed fyrstu tveimur myndunum og stefnan er a\u00f0 f\u00e1 sem flesta \u00far upprunalega leikarah\u00f3pnum aftur.<\/p>\n<!-- \/wp:paragraph -->\n\n<!-- wp:paragraph -->\n<p>\u201eEftir \u00fev\u00ed sem vi\u00f0 m\u00f6gulega getum ver\u00f0ur allt gengi\u00f0 saman aftur,\u201c sag\u00f0i Turteltaub.<\/p>\n<!-- \/wp:paragraph -->\n\n<!-- wp:image {\"id\":181955,\"sizeSlug\":\"large\",\"linkDestination\":\"media\",\"align\":\"center\"} -->\n<figure class=\"wp-block-image aligncenter size-large\"><a href=\"https:\/\/kvikmyndir.is\/wp-content\/uploads\/2026\/08\/gtrhyfujiiyhtr.jpg\"><img src=\"https:\/\/kvikmyndir.is\/wp-content\/uploads\/2026\/08\/gtrhyfujiiyhtr-1024x576.jpg\" alt=\"\" class=\"wp-image-181955\"\/><\/a><\/figure>\n<!-- \/wp:image -->\n\n<!-- wp:paragraph -->\n<p>\u00dea\u00f0 \u00fe\u00fd\u00f0ir a\u00f0 vi\u00f0 g\u00e6tum s\u00e9\u00f0 Diane Kruger aftur sem Abigail Chase og Justin Bartha sem Riley Poole.<\/p>\n<!-- \/wp:paragraph -->\n\n<!-- wp:paragraph -->\n<p>Endanlegur leikarah\u00f3pur hefur \u00fe\u00f3 ekki veri\u00f0 sta\u00f0festur.<\/p>\n<!-- \/wp:paragraph -->\n\n<!-- wp:heading -->\n<h2 class=\"wp-block-heading\">T\u00e6p 20 \u00e1r fr\u00e1 s\u00ed\u00f0ustu mynd<\/h2>\n<!-- \/wp:heading -->\n\n<!-- wp:paragraph -->\n<p>Fyrsta <em>National Treasure<\/em> kom \u00fat \u00e1ri\u00f0 2004 og sl\u00f3 r\u00e6kilega \u00ed gegn. Nicolas Cage l\u00e9k \u00fear Ben Gates, sagnfr\u00e6\u00f0ing og fj\u00e1rsj\u00f3\u00f0sleitarmann sem kemst a\u00f0 \u00fev\u00ed a\u00f0 v\u00edsbending a\u00f0 f\u00f6ldum fj\u00e1rsj\u00f3\u00f0i leynist \u00e1 sj\u00e1lfst\u00e6\u00f0isyfirl\u00fdsingu Bandar\u00edkjanna.<\/p>\n<!-- \/wp:paragraph -->\n\n<!-- wp:image {\"id\":181957,\"sizeSlug\":\"large\",\"linkDestination\":\"media\",\"align\":\"center\"} -->\n<figure class=\"wp-block-image aligncenter size-large\"><a href=\"https:\/\/kvikmyndir.is\/wp-content\/uploads\/2026\/08\/lknjnoo.jpg\"><img src=\"https:\/\/kvikmyndir.is\/wp-content\/uploads\/2026\/08\/lknjnoo-edited.jpg\" alt=\"\" class=\"wp-image-181957\"\/><\/a><\/figure>\n<!-- \/wp:image -->\n\n<!-- wp:paragraph -->\n<p>Til a\u00f0 komast a\u00f0 fj\u00e1rsj\u00f3\u00f0num \u00fearf hann \u00fev\u00ed a\u00f0 gera \u00fea\u00f0 sem myndin er l\u00edklega \u00feekktust fyrir. Stela sj\u00e1lfst\u00e6\u00f0isyfirl\u00fdsingunni.<\/p>\n<!-- \/wp:paragraph -->\n\n<!-- wp:paragraph -->\n<p>Myndin hala\u00f0i inn um 347 millj\u00f3num dala um allan heim.<\/p>\n<!-- \/wp:paragraph -->\n\n<!-- wp:paragraph -->\n<p>Framhaldi\u00f0, <em>National Treasure: Book of Secrets<\/em>, kom \u00fat \u00e1ri\u00f0 2007 og gekk enn betur. \u00dea\u00f0 hala\u00f0i inn um 459 millj\u00f3num dala og saman hafa myndirnar tv\u00e6r \u00fev\u00ed n\u00e1\u00f0 inn meira en 800 millj\u00f3num dala \u00ed tekjur.<\/p>\n<!-- \/wp:paragraph -->\n\n<!-- wp:paragraph -->\n<p>Disney reyndi s\u00ed\u00f0ar a\u00f0 endurvekja heim <em>National Treasure<\/em> me\u00f0 Disney+ \u00fe\u00e1ttunum <em>National Treasure: Edge of History<\/em> \u00e1ri\u00f0 2022, en \u00feeir entust a\u00f0eins \u00ed eina \u00fe\u00e1ttar\u00f6\u00f0.<\/p>\n<!-- \/wp:paragraph -->\n\n<!-- wp:paragraph -->\n<p>A\u00f0d\u00e1endur myndanna hafa hins vegar be\u00f0i\u00f0 \u00ed t\u00e6p 20 \u00e1r eftir alv\u00f6ru framhaldi me\u00f0 Nicolas Cage og gamla genginu.<\/p>\n<!-- \/wp:paragraph -->\n\n<!-- wp:paragraph -->\n<p><em>National Treasure 3<\/em> er ekki komin me\u00f0 sta\u00f0festan frums\u00fdningardag, en eftir t\u00e6plega 20 \u00e1ra bi\u00f0 vir\u00f0ist sem Ben Gates s\u00e9 loksins \u00e1 lei\u00f0 \u00ed n\u00fdtt \u00e6vint\u00fdri.<\/p>\n<!-- \/wp:paragraph -->\n\n<!-- wp:heading {\"level\":3} -->\n<h3 class=\"wp-block-heading\">Heimildir<\/h3>\n<!-- \/wp:heading -->\n\n<!-- wp:paragraph -->\n<p>Deadline \u2013<a href=\"https:\/\/deadline.com\/2026\/08\/national-treasure-3-in-works-1237048107\/\"> <em>\u2018National Treasure 3\u2019 In Works, Franchise Director Reveals: \u201cIt\u2019s Finally Real\u201d<\/em><\/a><br>Variety \u2013 <em><a href=\"https:\/\/variety.com\/2026\/film\/news\/national-treasure-3-nicolas-cage-jon-turteltaub-1236840826\/\">\u2018National Treasure 3\u2019 Is \u2018Happening,\u2019 Says Franchise Director Jon Turteltaub<\/a><\/em><br>MovieWeb \u2013 <em><a href=\"https:\/\/movieweb.com\/nicolas-cage-action-franchise-finally-getting-new-sequel\/\">Nicolas Cage's Beloved Action Franchise Is Finally Getting a Long-Awaited New Sequel<\/a><\/em><\/p>\n<!-- \/wp:paragraph -->\n\n<!-- wp:paragraph -->\n<p>[movie id=2996]<br>[movie id=3845]<\/p>\n<!-- \/wp:paragraph -->",
    "date":"2026-08-23 18:00:47",
    "link":"http:\/\/kvikmyndir.is\/frettir\/frett\/?id=181950"
  },
  {
    "ID":181921,
    "title":"L\u00e9on: The Professional n\u00e6sta mynd B\u00ed\u00f3t\u00f6fra \u00ed Sm\u00e1rab\u00ed\u00f3i",
    "content":"<!-- wp:paragraph -->\n<p>K\u00f6ltklass\u00edkin <em>L\u00e9on: The Professional<\/em> ver\u00f0ur s\u00fdnd \u00e1 n\u00e6stu B\u00ed\u00f3t\u00f6fras\u00fdningu \u00ed MAX-sal Sm\u00e1rab\u00ed\u00f3s mi\u00f0vikudaginn 26. \u00e1g\u00fast kl. 20:00.<\/p>\n<!-- \/wp:paragraph -->\n\n<!-- wp:image {\"id\":181931,\"sizeSlug\":\"full\",\"linkDestination\":\"media\"} -->\n<figure class=\"wp-block-image size-full\"><a href=\"https:\/\/kvikmyndir.is\/wp-content\/uploads\/2026\/08\/685ff561d1479e8785b7079d_1549330263057_max-salur.jpg\"><img src=\"https:\/\/kvikmyndir.is\/wp-content\/uploads\/2026\/08\/685ff561d1479e8785b7079d_1549330263057_max-salur.jpg\" alt=\"\" class=\"wp-image-181931\"\/><\/a><\/figure>\n<!-- \/wp:image -->\n\n<!-- wp:gallery {\"linkTo\":\"file\"} -->\n<figure class=\"wp-block-gallery has-nested-images columns-default is-cropped\"><!-- wp:image {\"id\":181930,\"sizeSlug\":\"full\",\"linkDestination\":\"media\"} -->\n<figure class=\"wp-block-image size-full\"><a href=\"https:\/\/kvikmyndir.is\/wp-content\/uploads\/2026\/08\/unedited-lowres-9279.jpg\"><img src=\"https:\/\/kvikmyndir.is\/wp-content\/uploads\/2026\/08\/unedited-lowres-9279.jpg\" alt=\"\" class=\"wp-image-181930\"\/><\/a><\/figure>\n<!-- \/wp:image -->\n\n<!-- wp:image {\"id\":181929,\"sizeSlug\":\"full\",\"linkDestination\":\"media\"} -->\n<figure class=\"wp-block-image size-full\"><a href=\"https:\/\/kvikmyndir.is\/wp-content\/uploads\/2026\/08\/unedited-lowres-9278.jpg\"><img src=\"https:\/\/kvikmyndir.is\/wp-content\/uploads\/2026\/08\/unedited-lowres-9278.jpg\" alt=\"\" class=\"wp-image-181929\"\/><\/a><\/figure>\n<!-- \/wp:image --><\/figure>\n<!-- \/wp:gallery -->\n\n<!-- wp:paragraph -->\n<p>\u00deetta ver\u00f0ur \u00feri\u00f0ja B\u00ed\u00f3t\u00f6fras\u00fdningin \u00ed samstarfi vi\u00f0 Sm\u00e1rab\u00ed\u00f3 \u00fear sem vins\u00e6lar kvikmyndir og klass\u00edskar perlur f\u00e1 n\u00fdtt l\u00edf \u00e1 hv\u00edta tjaldinu \u00ed sal sem stefnir \u00ed a\u00f0 fyllast af kvikmynda\u00e1hugaf\u00f3lki.<\/p>\n<!-- \/wp:paragraph -->\n\n<!-- wp:image {\"id\":181933,\"width\":\"782px\",\"height\":\"auto\",\"aspectRatio\":\"1.777366350381856\",\"sizeSlug\":\"large\",\"linkDestination\":\"media\",\"align\":\"center\"} -->\n<figure class=\"wp-block-image aligncenter size-large is-resized\"><a href=\"https:\/\/kvikmyndir.is\/wp-content\/uploads\/2026\/08\/rgbnkydc.jpg\"><img src=\"https:\/\/kvikmyndir.is\/wp-content\/uploads\/2026\/08\/rgbnkydc-edited.jpg\" alt=\"\" class=\"wp-image-181933\" style=\"aspect-ratio:1.777366350381856;width:782px;height:auto\"\/><\/a><\/figure>\n<!-- \/wp:image -->\n\n<!-- wp:paragraph -->\n<p>A\u00f0 \u00feessu sinni var\u00f0 <em>L\u00e9on: The Professional<\/em> fyrir valinu, kvikmynd Luc Besson fr\u00e1 \u00e1rinu 1994 me\u00f0 Jean Reno, Gary Oldman og Natalie Portman \u00ed a\u00f0alhlutverkum. Myndin hefur fyrir l\u00f6ngu \u00f6\u00f0last sess sem ein eftirminnilegasta spennumynd t\u00edunda \u00e1ratugarins og var fyrsta st\u00f3ra kvikmyndahlutverk Portman.<\/p>\n<!-- \/wp:paragraph -->\n\n<!-- wp:heading {\"level\":3} -->\n<h3 class=\"wp-block-heading\">\u00c1horfendur f\u00e1 a\u00f0 velja \u00fatg\u00e1funa<\/h3>\n<!-- \/wp:heading -->\n\n<!-- wp:paragraph -->\n<p>\u00dea\u00f0 r\u00e6\u00f0st \u00fe\u00f3 af me\u00f0limum Facebook h\u00f3psins Kvikmynda\u00e1hugamenn hva\u00f0a \u00fatg\u00e1fa myndarinnar ver\u00f0ur s\u00fdnd.  K\u00f6nnun stendur n\u00fa yfir \u00ed h\u00f3pnum \u00fear sem me\u00f0limir geta vali\u00f0 \u00e1 milli hef\u00f0bundnu b\u00ed\u00f3\u00fatg\u00e1funnar og lengri <em>International Cut<\/em>-\u00fatg\u00e1funnar.<\/p>\n<!-- \/wp:paragraph -->\n\n<!-- wp:image {\"id\":181935,\"width\":\"713px\",\"height\":\"auto\",\"sizeSlug\":\"large\",\"linkDestination\":\"media\",\"align\":\"center\"} -->\n<figure class=\"wp-block-image aligncenter size-large is-resized\"><a href=\"https:\/\/kvikmyndir.is\/wp-content\/uploads\/2026\/08\/e226ba21-2e5d-4029-8fae-36ecd8d4fde2-1-scaled.png\"><img src=\"https:\/\/kvikmyndir.is\/wp-content\/uploads\/2026\/08\/e226ba21-2e5d-4029-8fae-36ecd8d4fde2-1-1024x576.png\" alt=\"\" class=\"wp-image-181935\" style=\"width:713px;height:auto\"\/><\/a><\/figure>\n<!-- \/wp:image -->\n\n<!-- wp:paragraph -->\n<p>\u00deegar \u00feetta er skrifa\u00f0 stefnir allt \u00ed a\u00f0 lengri \u00fatg\u00e1fan ver\u00f0i fyrir valinu. 34 hafa kosi\u00f0 <em>International Cut<\/em>, e\u00f0a um 90% \u00feeirra sem hafa teki\u00f0 \u00fe\u00e1tt \u00ed k\u00f6nnuninni.<\/p>\n<!-- \/wp:paragraph -->\n\n<!-- wp:image {\"id\":181934,\"width\":\"657px\",\"height\":\"auto\",\"sizeSlug\":\"full\",\"linkDestination\":\"media\",\"align\":\"center\"} -->\n<figure class=\"wp-block-image aligncenter size-full is-resized\"><a href=\"https:\/\/kvikmyndir.is\/wp-content\/uploads\/2026\/08\/kjefjn.jpg\"><img src=\"https:\/\/kvikmyndir.is\/wp-content\/uploads\/2026\/08\/kjefjn.jpg\" alt=\"\" class=\"wp-image-181934\" style=\"width:657px;height:auto\"\/><\/a><\/figure>\n<!-- \/wp:image -->\n\n<!-- wp:paragraph -->\n<p>Hef\u00f0bundna b\u00ed\u00f3\u00fatg\u00e1fan er um 110 m\u00edn\u00fatur a\u00f0 lengd en <em>International Cut<\/em> b\u00e6tir vi\u00f0 r\u00famlega 20 m\u00edn\u00fatum af efni. \u00dear f\u00e1 \u00e1horfendur me\u00f0al annars a\u00f0 sj\u00e1 meira af sambandi L\u00e9ons og Mathildu og \u00fej\u00e1lfun hennar undir handlei\u00f0slu leigumor\u00f0ingjans L\u00e9ons.<\/p>\n<!-- \/wp:paragraph -->\n\n<!-- wp:heading {\"level\":3} -->\n<h3 class=\"wp-block-heading\">A\u00f0eins r\u00famlega 60 s\u00e6ti eftir<\/h3>\n<!-- \/wp:heading -->\n\n<!-- wp:paragraph -->\n<p>Mikill \u00e1hugi hefur veri\u00f0 \u00e1 s\u00fdningunni og \u00feegar \u00feetta er skrifa\u00f0 eru a\u00f0eins r\u00famlega 60 s\u00e6ti laus \u00ed MAX-salnum.<\/p>\n<!-- \/wp:paragraph -->\n\n<!-- wp:paragraph -->\n<p>S\u00fdningin stefnir \u00fev\u00ed \u00ed a\u00f0 ver\u00f0a vel s\u00f3tt en enn er h\u00e6gt a\u00f0 tryggja s\u00e9r s\u00e6ti og upplifa <em>L\u00e9on: The Professional<\/em> aftur \u00e1 hv\u00edta tjaldinu.<\/p>\n<!-- \/wp:paragraph -->\n\n<!-- wp:gallery {\"linkTo\":\"file\"} -->\n<figure class=\"wp-block-gallery has-nested-images columns-default is-cropped\"><!-- wp:image {\"id\":181939,\"sizeSlug\":\"full\",\"linkDestination\":\"media\"} -->\n<figure class=\"wp-block-image size-full\"><a href=\"https:\/\/kvikmyndir.is\/wp-content\/uploads\/2026\/08\/dfghjkjhfdfghj.jpg\"><img src=\"https:\/\/kvikmyndir.is\/wp-content\/uploads\/2026\/08\/dfghjkjhfdfghj.jpg\" alt=\"\" class=\"wp-image-181939\"\/><\/a><\/figure>\n<!-- \/wp:image -->\n\n<!-- wp:image {\"id\":181940,\"sizeSlug\":\"large\",\"linkDestination\":\"media\"} -->\n<figure class=\"wp-block-image size-large\"><a href=\"https:\/\/kvikmyndir.is\/wp-content\/uploads\/2026\/08\/fdgfddddd.jpg\"><img src=\"https:\/\/kvikmyndir.is\/wp-content\/uploads\/2026\/08\/fdgfddddd.jpg\" alt=\"\" class=\"wp-image-181940\"\/><\/a><\/figure>\n<!-- \/wp:image -->\n\n<!-- wp:image {\"id\":181938,\"sizeSlug\":\"full\",\"linkDestination\":\"media\"} -->\n<figure class=\"wp-block-image size-full\"><a href=\"https:\/\/kvikmyndir.is\/wp-content\/uploads\/2026\/08\/dfghymnfbn.jpg\"><img src=\"https:\/\/kvikmyndir.is\/wp-content\/uploads\/2026\/08\/dfghymnfbn.jpg\" alt=\"\" class=\"wp-image-181938\"\/><\/a><\/figure>\n<!-- \/wp:image -->\n\n<!-- wp:image {\"id\":181944,\"sizeSlug\":\"full\",\"linkDestination\":\"media\"} -->\n<figure class=\"wp-block-image size-full\"><a href=\"https:\/\/kvikmyndir.is\/wp-content\/uploads\/2026\/08\/images-7-1.jpg\"><img src=\"https:\/\/kvikmyndir.is\/wp-content\/uploads\/2026\/08\/images-7-1.jpg\" alt=\"\" class=\"wp-image-181944\"\/><\/a><\/figure>\n<!-- \/wp:image -->\n\n<!-- wp:image {\"id\":181941,\"sizeSlug\":\"full\",\"linkDestination\":\"media\"} -->\n<figure class=\"wp-block-image size-full\"><a href=\"https:\/\/kvikmyndir.is\/wp-content\/uploads\/2026\/08\/gggrrffvv.jpg\"><img src=\"https:\/\/kvikmyndir.is\/wp-content\/uploads\/2026\/08\/gggrrffvv.jpg\" alt=\"\" class=\"wp-image-181941\"\/><\/a><\/figure>\n<!-- \/wp:image -->\n\n<!-- wp:image {\"id\":181942,\"sizeSlug\":\"large\",\"linkDestination\":\"media\"} -->\n<figure class=\"wp-block-image size-large\"><a href=\"https:\/\/kvikmyndir.is\/wp-content\/uploads\/2026\/08\/rytutiyo8.jpg\"><img src=\"https:\/\/kvikmyndir.is\/wp-content\/uploads\/2026\/08\/rytutiyo8-1024x576.jpg\" alt=\"\" class=\"wp-image-181942\"\/><\/a><\/figure>\n<!-- \/wp:image --><\/figure>\n<!-- \/wp:gallery -->\n\n<!-- wp:paragraph -->\n<p><em>L\u00e9on: The Professional<\/em> ver\u00f0ur s\u00fdnd \u00e1 B\u00ed\u00f3t\u00f6frum \u00ed MAX-sal Sm\u00e1rab\u00ed\u00f3s mi\u00f0vikudaginn 26. \u00e1g\u00fast kl. 20:00.<\/p>\n<!-- \/wp:paragraph -->\n\n<!-- wp:paragraph -->\n<p>Mi\u00f0ar \u00e1 s\u00fdninguna f\u00e1st <a href=\"https:\/\/www.smarabio.is\/kvikmyndir\/biotofrar-leon-the-professional-1994-7vvke8\">h\u00e9r.<\/a><br><\/p>\n<!-- \/wp:paragraph -->",
    "date":"2026-08-22 16:21:59",
    "link":"http:\/\/kvikmyndir.is\/frettir\/frett\/?id=181921"
  },
  {
    "ID":181878,
    "title":"B\u00ed\u00f3t\u00f3nar hefjast \u00ed Samb\u00ed\u00f3unum me\u00f0 Scorsese, Prince, Pink Floyd og Woodstock",
    "content":"<!-- wp:paragraph -->\n<p>T\u00f3nlistarunnendur geta fari\u00f0 a\u00f0 hlakka til haustsins \u00fev\u00ed Samb\u00ed\u00f3in hefja \u00ed \u00e1g\u00fast n\u00fdja s\u00fdningar\u00f6\u00f0 undir nafninu B\u00ed\u00f3t\u00f3nar, \u00fear sem s\u00edgildar t\u00f3nlistar- og t\u00f3nleikamyndir fr\u00e1 \u00f3l\u00edkum t\u00edmabilum ver\u00f0a s\u00fdndar \u00e1 hv\u00edta tjaldinu \u00ed Samb\u00ed\u00f3unum Kringlunni.<\/p>\n<!-- \/wp:paragraph -->\n\n<!-- wp:paragraph -->\n<p>Fimm myndir eru \u00e1 dagskr\u00e1 fr\u00e1 \u00e1g\u00fast og fram \u00ed febr\u00faar. \u00dear ver\u00f0ur fer\u00f0ast \u00ed gegnum nokkra \u00e1ratugi t\u00f3nlistars\u00f6gunnar, allt fr\u00e1 Woodstock-h\u00e1t\u00ed\u00f0inni og kve\u00f0jut\u00f3nleikum The Band yfir \u00ed t\u00f3nlist Prince, The Who og Pink Floyd.<\/p>\n<!-- \/wp:paragraph -->\n\n<!-- wp:heading -->\n<h2 class=\"wp-block-heading\">Scorsese r\u00ed\u00f0ur \u00e1 va\u00f0i\u00f0 me\u00f0 The Last Waltz<\/h2>\n<!-- \/wp:heading -->\n\n<!-- wp:paragraph -->\n<p>Fyrsta mynd B\u00ed\u00f3t\u00f3na ver\u00f0ur <em>The Last Waltz (1978)<\/em> sem ver\u00f0ur s\u00fdnd <strong>26. \u00e1g\u00fast<\/strong>.<\/p>\n<!-- \/wp:paragraph -->\n\n<!-- wp:image {\"id\":181890,\"sizeSlug\":\"large\",\"linkDestination\":\"media\",\"align\":\"center\"} -->\n<figure class=\"wp-block-image aligncenter size-large\"><a href=\"https:\/\/kvikmyndir.is\/wp-content\/uploads\/2026\/08\/Martin-Scorsese-052125-2-6a1216e78c82404680aa023bc4a0fcf4-1.jpg\"><img src=\"https:\/\/kvikmyndir.is\/wp-content\/uploads\/2026\/08\/Martin-Scorsese-052125-2-6a1216e78c82404680aa023bc4a0fcf4-1-edited.jpg\" alt=\"\" class=\"wp-image-181890\"\/><\/a><\/figure>\n<!-- \/wp:image -->\n\n<!-- wp:paragraph -->\n<p>T\u00f3nleikamynd Martin Scorsese fjallar um kve\u00f0jut\u00f3nleika The Band, sem haldnir voru \u00ed Winterland Ballroom \u00ed San Francisco \u00e1 \u00feakkargj\u00f6r\u00f0ardaginn \u00e1ri\u00f0 1976.<\/p>\n<!-- \/wp:paragraph -->\n\n<!-- wp:paragraph -->\n<p>Gestalistinn var ekki af verri endanum. Bob Dylan, Neil Young, Joni Mitchell, Eric Clapton, Van Morrison, Muddy Waters, Neil Diamond, Ringo Starr og Ronnie Wood voru me\u00f0al \u00feeirra sem stigu \u00e1 svi\u00f0 me\u00f0 hlj\u00f3msveitinni.<\/p>\n<!-- \/wp:paragraph -->\n\n<!-- wp:image {\"id\":181891,\"sizeSlug\":\"large\",\"linkDestination\":\"media\",\"align\":\"center\"} -->\n<figure class=\"wp-block-image aligncenter size-large\"><a href=\"https:\/\/kvikmyndir.is\/wp-content\/uploads\/2026\/08\/regtrhyuytr.jpg\"><img src=\"https:\/\/kvikmyndir.is\/wp-content\/uploads\/2026\/08\/regtrhyuytr-edited.jpg\" alt=\"\" class=\"wp-image-181891\"\/><\/a><\/figure>\n<!-- \/wp:image -->\n\n<!-- wp:paragraph -->\n<p>Myndin kom \u00fat \u00e1ri\u00f0 1978 og hefur s\u00ed\u00f0an or\u00f0i\u00f0 ein \u00feekktasta t\u00f3nleikamynd s\u00edns t\u00edma.<\/p>\n<!-- \/wp:paragraph -->\n\n<!-- wp:heading -->\n<h2 class=\"wp-block-heading\">Woodstock \u00e1 hv\u00edta tjaldi\u00f0<\/h2>\n<!-- \/wp:heading -->\n\n<!-- wp:paragraph -->\n<p>\u00deann <strong>28. september<\/strong> ver\u00f0ur <em>Woodstock (1970)<\/em> s\u00fdnd. Heimildarmynd Michaels Wadleigh fjallar um Woodstock-t\u00f3nlistarh\u00e1t\u00ed\u00f0ina sem haldin var \u00ed New York-r\u00edki \u00ed \u00e1g\u00fast 1969.<\/p>\n<!-- \/wp:paragraph -->\n\n<!-- wp:image {\"id\":181897,\"sizeSlug\":\"large\",\"linkDestination\":\"media\",\"align\":\"center\"} -->\n<figure class=\"wp-block-image aligncenter size-large\"><a href=\"https:\/\/kvikmyndir.is\/wp-content\/uploads\/2026\/08\/dtytujyi.jpg\"><img src=\"https:\/\/kvikmyndir.is\/wp-content\/uploads\/2026\/08\/dtytujyi-edited.jpg\" alt=\"\" class=\"wp-image-181897\"\/><\/a><\/figure>\n<!-- \/wp:image -->\n\n<!-- wp:paragraph -->\n<p>Myndin fylgir b\u00e6\u00f0i t\u00f3nleikunum og f\u00f3lkinu sem s\u00f3tti h\u00e1t\u00ed\u00f0ina. \u00dear koma me\u00f0al annars fram Jimi Hendrix, The Who, Santana, Joe Cocker, Crosby, Stills &amp; Nash og Joan Baez.<\/p>\n<!-- \/wp:paragraph -->\n\n<!-- wp:paragraph -->\n<p><em>Woodstock<\/em> kom \u00fat \u00e1ri\u00f0 1970 og hlaut \u00d3skarsver\u00f0laun fyrir bestu heimildarmynd.<\/p>\n<!-- \/wp:paragraph -->\n\n<!-- wp:heading -->\n<h2 class=\"wp-block-heading\">Prince, The Who og Pink Floyd<\/h2>\n<!-- \/wp:heading -->\n\n<!-- wp:paragraph -->\n<p>\u00deann <strong>26. okt\u00f3ber<\/strong> ver\u00f0ur komi\u00f0 a\u00f0 <em>Purple Rain (1984)<\/em> me\u00f0 Prince \u00ed a\u00f0alhlutverki. Myndin er a\u00f0 hluta bygg\u00f0 \u00e1 reynslu hans \u00far t\u00f3nlistarl\u00edfinu \u00ed Minneapolis og blandar saman leikinni s\u00f6gu og t\u00f3nlistarflutningi.<\/p>\n<!-- \/wp:paragraph -->\n\n<!-- wp:image {\"id\":181893,\"sizeSlug\":\"large\",\"linkDestination\":\"media\",\"align\":\"center\"} -->\n<figure class=\"wp-block-image aligncenter size-large\"><a href=\"https:\/\/kvikmyndir.is\/wp-content\/uploads\/2026\/08\/fbgfbgbfbgg.jpg\"><img src=\"https:\/\/kvikmyndir.is\/wp-content\/uploads\/2026\/08\/fbgfbgbfbgg-edited.jpg\" alt=\"\" class=\"wp-image-181893\"\/><\/a><\/figure>\n<!-- \/wp:image -->\n\n<!-- wp:paragraph -->\n<p>Samhli\u00f0a myndinni kom \u00fat samnefnd plata Prince and the Revolution. Me\u00f0al laga \u00ed myndinni eru <em>Purple Rain<\/em>, <em>When Doves Cry<\/em>, <em>Let's Go Crazy<\/em> og <em>I Would Die 4 U<\/em>. T\u00f3nlistin \u00far <em>Purple Rain<\/em> hlaut me\u00f0al annars \u00d3skarsver\u00f0laun.<\/p>\n<!-- \/wp:paragraph -->\n\n<!-- wp:paragraph -->\n<p>\u00deann <strong>16. n\u00f3vember<\/strong> tekur <em>Tommy (1975)<\/em> vi\u00f0, kvikmynda\u00fatg\u00e1fa Ken Russell \u00e1 samnefndri rokk\u00f3peru The Who fr\u00e1 \u00e1rinu 1969.<\/p>\n<!-- \/wp:paragraph -->\n\n<!-- wp:image {\"id\":181894,\"sizeSlug\":\"large\",\"linkDestination\":\"media\"} -->\n<figure class=\"wp-block-image size-large\"><a href=\"https:\/\/kvikmyndir.is\/wp-content\/uploads\/2026\/08\/Tommy.jpeg\"><img src=\"https:\/\/kvikmyndir.is\/wp-content\/uploads\/2026\/08\/Tommy-1024x576.jpeg\" alt=\"\" class=\"wp-image-181894\"\/><\/a><\/figure>\n<!-- \/wp:image -->\n\n<!-- wp:paragraph -->\n<p>Roger Daltrey fer me\u00f0 titilhlutverki\u00f0 en einnig koma fram Ann-Margret, Oliver Reed, Elton John, Tina Turner og Eric Clapton. Pete Townshend haf\u00f0i umsj\u00f3n me\u00f0 t\u00f3nlist myndarinnar og me\u00f0al \u00feekktustu laga verksins eru <em>Pinball Wizard<\/em>, <em>I'm Free<\/em> og <em>See Me, Feel Me<\/em>.<\/p>\n<!-- \/wp:paragraph -->\n\n<!-- wp:paragraph -->\n<p>B\u00ed\u00f3t\u00f3nar halda s\u00ed\u00f0an \u00e1fram \u00e1 n\u00fdju \u00e1ri \u00feegar <em>Pink Floyd: The Wall (1982)<\/em> ver\u00f0ur s\u00fdnd <strong>22. febr\u00faar 2027<\/strong>.<\/p>\n<!-- \/wp:paragraph -->\n\n<!-- wp:image {\"id\":181895,\"sizeSlug\":\"large\",\"linkDestination\":\"media\",\"align\":\"center\"} -->\n<figure class=\"wp-block-image aligncenter size-large\"><a href=\"https:\/\/kvikmyndir.is\/wp-content\/uploads\/2026\/08\/pink_floyd_the_wall_1_c_1982_warner_bros._entertainment_inc.jpg\"><img src=\"https:\/\/kvikmyndir.is\/wp-content\/uploads\/2026\/08\/pink_floyd_the_wall_1_c_1982_warner_bros._entertainment_inc-1024x576.jpg\" alt=\"\" class=\"wp-image-181895\"\/><\/a><\/figure>\n<!-- \/wp:image -->\n\n<!-- wp:paragraph -->\n<p>Mynd Alan Parker byggir \u00e1 pl\u00f6tunni <em>The Wall<\/em> sem Pink Floyd gaf \u00fat \u00e1ri\u00f0 1979. Alan Parker leikst\u00fdr\u00f0i eftir handriti Roger Waters og Bob Geldof fer me\u00f0 a\u00f0alhlutverki\u00f0. Myndin blandar saman leiknum atri\u00f0um og eftirminnilegum teiknimyndak\u00f6flum Gerald Scarfe.<\/p>\n<!-- \/wp:paragraph -->\n\n<!-- wp:paragraph -->\n<p>T\u00f3nlist Pink Floyd er bur\u00f0ar\u00e1s myndarinnar og \u00fear m\u00e1 me\u00f0al annars heyra <em>Another Brick in the Wall (Part 2)<\/em>, <em>Comfortably Numb<\/em> og <em>Run Like Hell<\/em>.<\/p>\n<!-- \/wp:paragraph -->\n\n<!-- wp:heading -->\n<h2 class=\"wp-block-heading\">Dagskr\u00e1 B\u00ed\u00f3t\u00f3na<\/h2>\n<!-- \/wp:heading -->\n\n<!-- wp:paragraph -->\n<p><strong>26. \u00e1g\u00fast<\/strong><br><em>The Last Waltz (1978)<\/em><br>[movie id=3945]<\/p>\n<!-- \/wp:paragraph -->\n\n<!-- wp:paragraph -->\n<p><strong>28. september<\/strong><br><em>Woodstock (1970)<\/em><br>[movie id=18568]<\/p>\n<!-- \/wp:paragraph -->\n\n<!-- wp:paragraph -->\n<p><strong>26. okt\u00f3ber<\/strong><br><em>Purple Rain (1984)<\/em><br>[movie id=10580]<\/p>\n<!-- \/wp:paragraph -->\n\n<!-- wp:paragraph -->\n<p><strong>16. n\u00f3vember<\/strong><br><em>Tommy (1975)<\/em><br>[movie id=18495]<\/p>\n<!-- \/wp:paragraph -->\n\n<!-- wp:paragraph -->\n<p><strong>22. febr\u00faar 2027<\/strong><br><em>Pink Floyd: The Wall (1982)<\/em><br>[movie id=7104]<\/p>\n<!-- \/wp:paragraph -->\n\n<!-- wp:paragraph -->\n<p>Allar myndirnar ver\u00f0a s\u00fdndar \u00ed Samb\u00ed\u00f3unum Kringlunni og gefst \u00fear gott t\u00e6kif\u00e6ri til a\u00f0 upplifa \u00feessar s\u00edgildu t\u00f3nlistarmyndir aftur \u00fear sem \u00fe\u00e6r nj\u00f3ta s\u00edn hva\u00f0 best, \u00e1 st\u00f3ra tjaldinu.<\/p>\n<!-- \/wp:paragraph -->\n\n<!-- wp:paragraph -->\n<p>\u00c1 Kvikmyndir.is m\u00e1 au\u00f0vita\u00f0 svo fylgjast me\u00f0 s\u00fdningum \u00e1 eldri og s\u00edgildum kvikmyndum undir <a href=\"https:\/\/kvikmyndir.is\/sigildar-myndir-i-kvikmyndahusum-framundan\/\">Nostalb\u00ed\u00f3.<\/a><\/p>\n<!-- \/wp:paragraph -->\n\n<!-- wp:paragraph -->\n<p><\/p>\n<!-- \/wp:paragraph -->\n\n<!-- wp:paragraph -->\n<p><\/p>\n<!-- \/wp:paragraph -->\n\n<!-- wp:paragraph -->\n<p><\/p>\n<!-- \/wp:paragraph -->\n\n<!-- wp:paragraph -->\n<p><\/p>\n<!-- \/wp:paragraph -->",
    "date":"2026-08-21 20:34:58",
    "link":"http:\/\/kvikmyndir.is\/frettir\/frett\/?id=181878"
  },
  {
    "ID":181867,
    "title":"Michael 2 mun takast \u00e1 vi\u00f0 \u00e1sakanirnar \u00e1 hendur Michael Jackson",
    "content":"<!-- wp:paragraph -->\n<p>Framhaldsmyndin <em>Michael 2<\/em> mun fjalla um t\u00f6luvert vi\u00f0kv\u00e6mara t\u00edmabil \u00ed l\u00edfi Michael Jackson en fyrri myndin og me\u00f0al annars taka fyrir \u00e1sakanir um kynfer\u00f0isofbeldi gegn b\u00f6rnum sem komu fram \u00e1 hendur poppstj\u00f6rnunni.<\/p>\n<!-- \/wp:paragraph -->\n\n<!-- wp:gallery {\"linkTo\":\"file\"} -->\n<figure class=\"wp-block-gallery has-nested-images columns-default is-cropped\"><!-- wp:image {\"id\":181881,\"sizeSlug\":\"large\",\"linkDestination\":\"media\"} -->\n<figure class=\"wp-block-image size-large\"><a href=\"https:\/\/kvikmyndir.is\/wp-content\/uploads\/2026\/08\/ewretrhytujhytgrfbgt.jpg\"><img src=\"https:\/\/kvikmyndir.is\/wp-content\/uploads\/2026\/08\/ewretrhytujhytgrfbgt-1024x509.jpg\" alt=\"\" class=\"wp-image-181881\"\/><\/a><\/figure>\n<!-- \/wp:image -->\n\n<!-- wp:image {\"id\":181882,\"sizeSlug\":\"large\",\"linkDestination\":\"media\"} -->\n<figure class=\"wp-block-image size-large\"><a href=\"https:\/\/kvikmyndir.is\/wp-content\/uploads\/2026\/08\/sdytfygjhgf.jpg\"><img src=\"https:\/\/kvikmyndir.is\/wp-content\/uploads\/2026\/08\/sdytfygjhgf-1024x564.jpg\" alt=\"\" class=\"wp-image-181882\"\/><\/a><\/figure>\n<!-- \/wp:image --><\/figure>\n<!-- \/wp:gallery -->\n\n<!-- wp:paragraph -->\n<p>Jaafar Jackson, sem leikur fr\u00e6nda sinn Michael Jackson \u00ed myndunum, segir a\u00f0 framhaldi\u00f0 muni gefa \u00e1horfendum meiri inns\u00fdn \u00ed m\u00e1li\u00f0 fr\u00e1 sj\u00f3narhorni Michaels sj\u00e1lfs.<\/p>\n<!-- \/wp:paragraph -->\n\n<!-- wp:paragraph -->\n<p>\u201e\u00c9g held a\u00f0 seinni myndin muni gefa enn meiri inns\u00fdn fr\u00e1 hans sj\u00f3narhorni, \u00fev\u00ed \u00feegar \u00f6llu er \u00e1 botninn hvolft koma \u00e1sakanirnar alltaf fr\u00e1 einhverjum \u00f6\u00f0rum,\u201c sag\u00f0i Jaafar \u00ed vi\u00f0tali vi\u00f0 <em>GQ Middle East<\/em>, mi\u00f0austurlenska \u00fatg\u00e1fu hins \u00feekkta t\u00edsku- og menningart\u00edmarits <em>GQ<\/em>.<\/p>\n<!-- \/wp:paragraph -->\n\n<!-- wp:paragraph -->\n<p>Fyrri myndin, <em>Michael<\/em>, fjallar fyrst og fremst um uppv\u00f6xt Jacksons og lei\u00f0 hans a\u00f0 heimsfr\u00e6g\u00f0 og l\u00fdkur \u00e1ri\u00f0 1987, vi\u00f0 \u00fatg\u00e1fu t\u00f3nlistarmyndbandsins vi\u00f0 <em>Bad<\/em>. \u00c1sakanirnar, sem fyrst komu fram \u00e1 t\u00edunda \u00e1ratugnum, eru \u00fev\u00ed ekki teknar fyrir \u00fear.<\/p>\n<!-- \/wp:paragraph -->\n\n<!-- wp:image {\"id\":181883,\"sizeSlug\":\"full\",\"linkDestination\":\"media\"} -->\n<figure class=\"wp-block-image size-full\"><a href=\"https:\/\/kvikmyndir.is\/wp-content\/uploads\/2026\/08\/Michael_1_1920-1024x614-1.jpg\"><img src=\"https:\/\/kvikmyndir.is\/wp-content\/uploads\/2026\/08\/Michael_1_1920-1024x614-1.jpg\" alt=\"\" class=\"wp-image-181883\"\/><\/a><\/figure>\n<!-- \/wp:image -->\n\n<!-- wp:paragraph -->\n<p>Leikstj\u00f3rinn Antoine Fuqua hefur \u00e1\u00f0ur sagt a\u00f0 atri\u00f0i sem tengdust \u00e1s\u00f6kununum hafi upphaflega veri\u00f0 hluti af myndinni, en \u00e1kve\u00f0i\u00f0 hafi veri\u00f0 a\u00f0 sleppa \u00feeim og einbeita s\u00e9r frekar a\u00f0 fyrri hluta \u00e6vi Jacksons.<\/p>\n<!-- \/wp:paragraph -->\n\n<!-- wp:paragraph -->\n<p>Jaafar segir mikilv\u00e6gt a\u00f0 seinni myndin s\u00fdni einnig hvernig Michael sj\u00e1lfur upplif\u00f0i s\u00ed\u00f0ari \u00e1r \u00e6vi sinnar og \u00fe\u00e1 miklu umfj\u00f6llun sem fylgdi \u00e1s\u00f6kununum. Fj\u00f6lskylda Jacksons hefur lengi hafna\u00f0 \u00e1s\u00f6kununum.<\/p>\n<!-- \/wp:paragraph -->\n\n<!-- wp:image {\"id\":181884,\"sizeSlug\":\"large\",\"linkDestination\":\"media\"} -->\n<figure class=\"wp-block-image size-large\"><a href=\"https:\/\/kvikmyndir.is\/wp-content\/uploads\/2026\/08\/trdyfuiiojhg.jpg\"><img src=\"https:\/\/kvikmyndir.is\/wp-content\/uploads\/2026\/08\/trdyfuiiojhg-1024x576.jpg\" alt=\"\" class=\"wp-image-181884\"\/><\/a><\/figure>\n<!-- \/wp:image -->\n\n<!-- wp:paragraph -->\n<p>Umfj\u00f6llunin g\u00e6ti or\u00f0i\u00f0 eitt umdeildasta vi\u00f0fangsefni <em>Michael 2<\/em>, enda hefur arfleif\u00f0 Michael Jackson lengi veri\u00f0 umdeild.<\/p>\n<!-- \/wp:paragraph -->\n\n<!-- wp:paragraph -->\n<p>Lionsgate stefnir \u00e1 a\u00f0 t\u00f6kur \u00e1 framhaldsmyndinni hefjist undir lok \u00e1rs 2026 e\u00f0a snemma \u00e1rs 2027.<\/p>\n<!-- \/wp:paragraph -->\n\n<!-- wp:paragraph -->\n<p><strong>Heimildir:<\/strong><br>Deadline \u2013 <em><a href=\"https:\/\/deadline.com\/2026\/08\/jaafar-jackson-michael-sequel-child-abuse-allegations-1237046974\/\">Jaafar Jackson Says \u2018Michael\u2019 Sequel \u201cWill Give Even More Insight\u201d Into Child Abuse Allegations \u201cFrom His Point Of View\u201d<\/a><\/em><br>MovieWeb \u2013 <em><a href=\"https:\/\/movieweb.com\/michael-2-sequel-child-abuse-allegations\/\">'Michael 2' Star Reveals How Sequel Will Tackle Child Abuse Allegations<\/a><\/em><\/p>\n<!-- \/wp:paragraph -->\n\n<!-- wp:paragraph -->\n<p>[movie id=17736]<em><br><\/em><br><br><br><br><br><\/p>\n<!-- \/wp:paragraph -->",
    "date":"2026-08-21 20:06:04",
    "link":"http:\/\/kvikmyndir.is\/frettir\/frett\/?id=181867"
  },
  {
    "ID":181863,
    "title":"Fyrstu vi\u00f0br\u00f6g\u00f0 vi\u00f0 The Dog Stars lofa g\u00f3\u00f0u: Ridley Scott sag\u00f0ur hitta beint \u00ed mark",
    "content":"<!-- wp:paragraph -->\n<p>N\u00fdjasta mynd Ridley Scott, <em>The Dog Stars<\/em>, var heimsfrums\u00fdnd \u00ed London \u00e1 d\u00f6gunum og fyrstu vi\u00f0br\u00f6g\u00f0in eru a\u00f0 mestu mj\u00f6g j\u00e1kv\u00e6\u00f0.<\/p>\n<!-- \/wp:paragraph -->\n\n<!-- wp:paragraph -->\n<p>Myndin er bygg\u00f0 \u00e1 samnefndri sk\u00e1lds\u00f6gu Peter Heller fr\u00e1 2012 og skartar Jacob Elordi \u00ed a\u00f0alhlutverki. Hann leikur Hig, flugmann sem lifir af heimsfaraldur sem hefur \u00feurrka\u00f0 \u00fat st\u00e6rstan hluta mannkyns og reynir a\u00f0 finna anna\u00f0 f\u00f3lk sem g\u00e6ti enn veri\u00f0 \u00e1 l\u00edfi.<\/p>\n<!-- \/wp:paragraph -->\n\n<!-- wp:image {\"id\":181911,\"sizeSlug\":\"large\",\"linkDestination\":\"media\"} -->\n<figure class=\"wp-block-image size-large\"><a href=\"https:\/\/kvikmyndir.is\/wp-content\/uploads\/2026\/08\/srdfyguj.jpg\"><img src=\"https:\/\/kvikmyndir.is\/wp-content\/uploads\/2026\/08\/srdfyguj-edited.jpg\" alt=\"\" class=\"wp-image-181911\"\/><\/a><\/figure>\n<!-- \/wp:image -->\n\n<!-- wp:paragraph -->\n<p>Me\u00f0 \u00f6nnur st\u00f3r hlutverk fara Josh Brolin, Margaret Qualley, Guy Pearce, Allison Janney og Benedict Wong.<\/p>\n<!-- \/wp:paragraph -->\n\n<!-- wp:paragraph -->\n<p><strong>Fyrstu vi\u00f0br\u00f6g\u00f0in mj\u00f6g j\u00e1kv\u00e6\u00f0<\/strong><\/p>\n<!-- \/wp:paragraph -->\n\n<!-- wp:paragraph -->\n<p>Kvikmyndagagnr\u00fdnendur og a\u00f0rir sem s\u00e1u myndina \u00e1 heimsfrums\u00fdningunni hafa n\u00fa deilt fyrstu vi\u00f0br\u00f6g\u00f0um s\u00ednum.<\/p>\n<!-- \/wp:paragraph -->\n\n<!-- wp:paragraph -->\n<p>Phil Roberts hj\u00e1 poppk\u00falt\u00farmi\u00f0linum <em>Future of the Force<\/em> segir myndina vera \u00f3venju r\u00f3lega og tilfinninga\u00ferungna mi\u00f0a\u00f0 vi\u00f0 fyrri verk Scott. Hann hr\u00f3sar s\u00e9rstaklega kvikmyndat\u00f6kunni og frammist\u00f6\u00f0u Jacob Elordi og Josh Brolin.<\/p>\n<!-- \/wp:paragraph -->\n\n<!-- wp:paragraph -->\n<p>Kvikmyndahla\u00f0varpsstj\u00f3rnandinn Patrick Tomasso l\u00fdsir myndinni sem \u201evestramynd \u00e1 t\u00edmum heimsenda me\u00f0 st\u00f3rt hjarta\u201c og segir hana blanda saman mikilli spennu og hasar vi\u00f0 r\u00f3legri og pers\u00f3nulegri augnablik.<\/p>\n<!-- \/wp:paragraph -->\n\n<!-- wp:image {\"id\":181914,\"sizeSlug\":\"large\",\"linkDestination\":\"media\"} -->\n<figure class=\"wp-block-image size-large\"><a href=\"https:\/\/kvikmyndir.is\/wp-content\/uploads\/2026\/08\/regtyujyyhtgthytuyj.jpg\"><img src=\"https:\/\/kvikmyndir.is\/wp-content\/uploads\/2026\/08\/regtyujyyhtgthytuyj-1024x681.jpg\" alt=\"\" class=\"wp-image-181914\"\/><\/a><\/figure>\n<!-- \/wp:image -->\n\n<!-- wp:paragraph -->\n<p>Fleiri taka undir \u00feetta og segja <em>The Dog Stars<\/em> vera pers\u00f3nulegri en margar fyrri myndir Scott, \u00fe\u00f3 a\u00f0 inn \u00e1 milli s\u00e9u h\u00f6r\u00f0 og ofbeldisfull atri\u00f0i.<\/p>\n<!-- \/wp:paragraph -->\n\n<!-- wp:image {\"id\":181915,\"sizeSlug\":\"large\",\"linkDestination\":\"media\"} -->\n<figure class=\"wp-block-image size-large\"><a href=\"https:\/\/kvikmyndir.is\/wp-content\/uploads\/2026\/08\/thumb_D370A4E4-6C47-48AF-B087-F69FE6E51B35.jpg\"><img src=\"https:\/\/kvikmyndir.is\/wp-content\/uploads\/2026\/08\/thumb_D370A4E4-6C47-48AF-B087-F69FE6E51B35-1024x576.jpg\" alt=\"\" class=\"wp-image-181915\"\/><\/a><\/figure>\n<!-- \/wp:image -->\n\n<!-- wp:paragraph -->\n<p>Breski kvikmyndagagnr\u00fdnandinn Gavin Spoors, ritstj\u00f3ri kvikmyndat\u00edmaritsins <em>FILMHOUNDS Magazine<\/em>, segir myndina vissulega h\u00e6ga \u00e1 k\u00f6flum en engu a\u00f0 s\u00ed\u00f0ur gr\u00edpandi. Hann l\u00fdsir henni sem hl\u00fdrri og mannlegri s\u00f6gu um mikilv\u00e6gi samf\u00e9lags eftir heimsendi.<\/p>\n<!-- \/wp:paragraph -->\n\n<!-- wp:paragraph -->\n<p><strong>\u00d6\u00f0ruv\u00edsi Ridley Scott<\/strong><\/p>\n<!-- \/wp:paragraph -->\n\n<!-- wp:paragraph -->\n<p><em>The Dog Stars<\/em> vir\u00f0ist vera nokku\u00f0 fr\u00e1brug\u00f0in m\u00f6rgum af st\u00e6rstu myndum Ridley Scott. \u00cd sta\u00f0 risavaxins sj\u00f3narspils vir\u00f0ist \u00e1herslan h\u00e9r vera meira \u00e1 pers\u00f3nunum, einmanaleika og mannlegum tengslum.<\/p>\n<!-- \/wp:paragraph -->\n\n<!-- wp:image {\"id\":181913,\"sizeSlug\":\"large\",\"linkDestination\":\"media\",\"align\":\"center\"} -->\n<figure class=\"wp-block-image aligncenter size-large\"><a href=\"https:\/\/kvikmyndir.is\/wp-content\/uploads\/2026\/08\/DF-02096_R.jpg\"><img src=\"https:\/\/kvikmyndir.is\/wp-content\/uploads\/2026\/08\/DF-02096_R-edited.jpg\" alt=\"\" class=\"wp-image-181913\"\/><\/a><\/figure>\n<!-- \/wp:image -->\n\n<!-- wp:paragraph -->\n<p>Scott s\u00fdnir engin merki \u00feess a\u00f0 \u00e6tla a\u00f0 h\u00e6gja \u00e1 s\u00e9r. \u00c1 l\u00f6ngum ferli hefur hann leikst\u00fdrt myndum \u00e1 bor\u00f0 vi\u00f0 <em>Alien<\/em>, <em>Blade Runner<\/em>, <em>Gladiator<\/em>, <em>American Gangster<\/em>, <em>The Martian<\/em> og <em>The Last Duel<\/em>.<\/p>\n<!-- \/wp:paragraph -->\n\n<!-- wp:paragraph -->\n<p>Hvort fyrstu vi\u00f0br\u00f6g\u00f0in endurspegli endanlega d\u00f3ma gagnr\u00fdnenda kemur flj\u00f3tlega \u00ed lj\u00f3s. Eins og sta\u00f0an er n\u00fana vir\u00f0ist <em>The Dog Stars<\/em> \u00fe\u00f3 geta or\u00f0i\u00f0 ein af \u00e1hugaver\u00f0ari myndum Scott s\u00ed\u00f0ustu \u00e1ra.<\/p>\n<!-- \/wp:paragraph -->\n\n<!-- wp:paragraph -->\n<p><strong>Heimild:<\/strong><br>ScreenRant \u2013<a href=\"https:\/\/screenrant.com\/ridley-scott-the-dog-stars-first-reactions\/\"> <em>Ridley Scott\u2019s The Dog Stars First Reactions Are Officially In<\/em><\/a><\/p>\n<!-- \/wp:paragraph -->\n\n<!-- wp:paragraph -->\n<p>[movie id=17853]<\/p>\n<!-- \/wp:paragraph -->",
    "date":"2026-08-21 20:58:17",
    "link":"http:\/\/kvikmyndir.is\/frettir\/frett\/?id=181863"
  },
  {
    "ID":181849,
    "title":"Frums\u00fdningar vikunnar: Dj\u00f6fullegur \u00eds og eltihrellar",
    "content":"<strong>N\u00fdjar kvikmyndir setja spennu og \u00f3hugna\u00f0 \u00ed forgrunn. H\u00e9r er \u00fea\u00f0 sem b\u00ed\u00f0ur \u00fe\u00edn \u00ed b\u00ed\u00f3 \u00feessa vikuna.<\/strong>\n\n\u00deessa vikuna er \u00fea\u00f0 ekki bara ve\u00f0ri\u00f0 sem heillar, heldur einnig n\u00fdjar kvikmyndir sem frums\u00fdndar ver\u00f0a \u00ed \u00edslenskum b\u00ed\u00f3um. Tv\u00e6r spennandi myndir hafa bo\u00f0a\u00f0 komu s\u00edna \u00e1 hv\u00edta tjaldi\u00f0 og b\u00e1\u00f0ar bj\u00f3\u00f0a upp \u00e1 einstaka upplifun fyrir kvikmynda\u00e1hugaf\u00f3lk.\u00a0 \u00a0Vi\u00f0 erum a\u00f0 tala um allt fr\u00e1 rj\u00f3ma\u00edsskelfingu yfir \u00ed hrottalega eltihrella.\n<h2><a href=\"https:\/\/kvikmyndir.is\/wp-content\/uploads\/2026\/08\/Screenshot-2026-08-18-121835.jpg\"><img class=\"aligncenter size-full wp-image-181850\" src=\"https:\/\/kvikmyndir.is\/wp-content\/uploads\/2026\/08\/Screenshot-2026-08-18-121835.jpg\" alt=\"\" width=\"591\" height=\"398\" \/><\/a>\u00cds sem veldur \u00f3hugna\u00f0i<\/h2>\nFyrri myndin er hrollvekjan <em>Ice Cream Man<\/em>. Myndin ver\u00f0ur frums\u00fdnd \u00feann 20. \u00e1g\u00fast og er 86 m\u00edn\u00fatna l\u00f6ng me\u00f0 16 \u00e1ra aldurstakmarki. \u00cd henni skekur brj\u00e1lsemi fri\u00f0s\u00e6lan sumarb\u00e6 \u00feegar \u00edsb\u00edlsstj\u00f3ri selur b\u00f6rnum s\u00e6tindi me\u00f0 skelfilegum aflei\u00f0ingum. T\u00e9\u00f0ur brj\u00e1l\u00e6\u00f0ingur \u00ed titli myndarinnar gefur b\u00f6rnum dj\u00f6fullegan \u00eds sem breytir \u00feeim \u00ed uppvakninga-mor\u00f0ingja.\u00a0\u00a0\u00deetta er mynd fyrir \u00fe\u00e1 sem kunna a\u00f0 meta g\u00f3\u00f0a hryllingss\u00f6gu me\u00f0 \u00f3v\u00e6ntum vendingum.\n<h2>Framheimurinn m\u00e6tir raunveruleikanum<\/h2>\n\u00d6nnur myndin, <em>Insidious: Out of the Further<\/em>, er einnig frums\u00fdnd \u00feann 20. \u00e1g\u00fast og ber sama aldurstakmark, 16 \u00e1ra. \u00deessi mynd heldur \u00e1horfendum spenntum me\u00f0 s\u00f6gu\u00fer\u00e6\u00f0i sem sn\u00fdst um \u00ferj\u00e1 eltihrella sem lauma s\u00e9r inn \u00ed fri\u00f0s\u00e6lt \u00fathverfi. \u00dear ney\u00f0a \u00feeir n\u00fdja fj\u00f6lskyldu inn \u00e1 s\u00e1larsvi\u00f0i\u00f0, \u00fear sem \u00feau komast a\u00f0 skelfilegum sannleika: Framheimurinn er a\u00f0 leka yfir \u00ed raunveruleikann. Ef \u00fe\u00fa ert a\u00f0 leita a\u00f0 stjarnfr\u00e6\u00f0ilegum hryllingi me\u00f0 yfirn\u00e1tt\u00farulegum bl\u00e6, \u00fe\u00e1 er \u00feessi mynd fyrir \u00feig.\n\nHvort sem \u00fe\u00fa ert a\u00f0 leita a\u00f0 \u00f3hugna\u00f0i, spennu e\u00f0a dramat\u00edk, \u00fe\u00e1 er h\u00e9r eitthva\u00f0 fyrir alla spennuf\u00edkla og hrollvekjuunnendur!",
    "date":"2026-08-18 12:21:43",
    "link":"http:\/\/kvikmyndir.is\/frettir\/frett\/?id=181849"
  },
  {
    "ID":181830,
    "title":"Spider-Man heldur topps\u00e6tinu \u00ed \u00edslenskum b\u00ed\u00f3um",
    "content":"<p><strong>Marvel-hetjan heldur \u00e1fram a\u00f0 draga a\u00f0 s\u00e9r \u00e1horfendur, \u00fer\u00e1tt fyrir a\u00f0s\u00f3knarsamdr\u00e1tt. Tv\u00e6r n\u00fdjar myndir \u00ed topp 10.<\/strong><\/p>\n<p>\u00cdslensk kvikmyndah\u00fas voru vel s\u00f3tt um helgina \u00feegar <strong>Spider-Man: Brand New Day<\/strong> h\u00e9lt \u00e1fram a\u00f0 vera vins\u00e6lasta myndin. Kvikmyndin, sem er \u00e1 sinni \u00feri\u00f0ju viku, n\u00e1\u00f0i a\u00f0 hala inn 10,999,738 kr\u00f3nur me\u00f0 5,032 selda mi\u00f0a. \u00der\u00e1tt fyrir a\u00f0s\u00f3knarsamdr\u00e1tt upp \u00e1 57% fr\u00e1 s\u00ed\u00f0ustu viku, n\u00e6r h\u00fan enn a\u00f0 halda s\u00e9r \u00ed efsta s\u00e6ti listans.<\/p>\n<p><a href=\"https:\/\/kvikmyndir.is\/wp-content\/uploads\/2026\/07\/ffffttthhh.jpg\"><img class=\"aligncenter size-full wp-image-181657\" src=\"https:\/\/kvikmyndir.is\/wp-content\/uploads\/2026\/07\/ffffttthhh.jpg\" alt=\"\" width=\"1901\" height=\"793\" \/><\/a><\/p>\n<p><strong>The Odyssey<\/strong>, sem er n\u00fa \u00e1 sinni fimmta viku \u00e1 lista,\u00a0 er \u00e1fram \u00ed \u00f6\u00f0ru s\u00e6ti milli vikna me\u00f0 5,593,802 kr\u00f3nur \u00ed tekjur og 2,445 selda mi\u00f0a. Myndin s\u00fdnir \u00fe\u00f3 einnig samdr\u00e1tt \u00ed a\u00f0s\u00f3kn upp \u00e1 48% fr\u00e1 s\u00ed\u00f0ustu viku.<\/p>\n<h2>N\u00fdjar myndir \u00ed bland<\/h2>\n<p>N\u00fd kvikmynd, <strong>The End of Oak Street<\/strong>, kom inn \u00e1 lista \u00ed \u00feri\u00f0ja s\u00e6ti me\u00f0 2,761,765 kr\u00f3nur \u00ed tekjur og 1,257 selda mi\u00f0a.\u00a0<\/p>\n<p>Einnig n\u00fd \u00ed \u00feessari viku er <strong>One Night Only<\/strong>, sem var \u00ed sj\u00f6unda s\u00e6ti me\u00f0 349,637 kr\u00f3nur \u00ed tekjur og 190 selda mi\u00f0a. Myndin er s\u00fdnd \u00e1 4 skj\u00e1m.<\/p>\n<h2>St\u00e6rsta falli\u00f0<\/h2>\n<p>Ein af st\u00e6rstu l\u00e6kkunum vikunnar var hj\u00e1 <strong>Vaiana (Moana) (2026)<\/strong>, sem f\u00e9ll \u00far fimmta \u00ed \u00e1ttunda s\u00e6ti me\u00f0 91% samdr\u00e1tt \u00ed a\u00f0s\u00f3kn. H\u00fan f\u00e9kk a\u00f0eins 138,491 kr\u00f3nur \u00ed tekjur og seldi 89 mi\u00f0a.<\/p>\n<p>Af eldri myndum \u00e1 listanum m\u00e1 nefna <strong>Jackass: Best and Last<\/strong>, sem s\u00fdndi 20% aukningu \u00ed a\u00f0s\u00f3kn og f\u00f3r \u00far t\u00edunda \u00ed n\u00edunda s\u00e6ti. H\u00fan var me\u00f0 89,182 kr\u00f3nur \u00ed tekjur og 39 selda mi\u00f0a.<\/p>\n\n<!-- wp:paragraph -->\n<p><\/p>\n<!-- \/wp:paragraph -->",
    "date":"2026-08-17 14:15:43",
    "link":"http:\/\/kvikmyndir.is\/frettir\/frett\/?id=181830"
  },
  {
    "ID":181810,
    "title":"Kvikmyndir sem vekja athygli \u00feessa vikuna",
    "content":"<strong>Lesendur hafa veri\u00f0 i\u00f0nir vi\u00f0 a\u00f0 merkja kvikmyndir sem \"Hef s\u00e9\u00f0\" og \"Langar a\u00f0 sj\u00e1\".\u00a0 H\u00e9r er \u00fea\u00f0 heitasta \u00ed vikunni.<\/strong>\n\n\u00dea\u00f0 er talsver\u00f0ur fj\u00f6ldi kvikmynda sem hefur vaki\u00f0 athygli lesenda \u00ed vikunni, og hefur s\u00ed\u00f0uflettingum \u00feeirra fj\u00f6lga\u00f0 miki\u00f0. \u00dea\u00f0 er \u00e1hugavert a\u00f0 sj\u00e1 hvernig gamlar og n\u00fdjar myndir blandast saman \u00ed \u00feessum lista.\n<h2>\u00d6flugar eldri myndir<\/h2>\nEin af eldri myndum sem hefur fengi\u00f0 drj\u00faga athygli er <em>Benjam\u00edn D\u00fafa<\/em> fr\u00e1 1995, sem hefur n\u00e1\u00f0 213 s\u00ed\u00f0uflettingum \u00ed \u00feessari viku me\u00f0 500% aukningu fr\u00e1 fyrri viku. Einnig hefur mikil aukning or\u00f0i\u00f0 \u00e1 flettingum \u00e1 s\u00ed\u00f0u <a href=\"https:\/\/kvikmyndir.is\/mynd\/?id=187\"><em>Practical Magic<\/em> fr\u00e1 1998<\/a> . H\u00fan f\u00e9kk 31 s\u00ed\u00f0uflettingu og 500% v\u00f6xt. \u00deessar myndir s\u00fdna a\u00f0 klass\u00edskar s\u00f6gur halda \u00e1fram a\u00f0 heilla n\u00fdja kynsl\u00f3\u00f0 \u00e1horfenda.\n\n<img src=\"https:\/\/www.kvikmyndamidstod.is\/_next\/image?url=https%3A%2F%2Fkmi.payload.is%2Fapi%2Fmedia%2Ffile%2FBenjaminDove1-2000x1120.jpg&amp;w=3840&amp;q=80\" alt=\"mainpicture for Benjam\u00edn d\u00fafa\" \/>\n<h2><span style=\"font-weight: 400;\">[movie id=932]<\/span><\/h2>\n<h2>N\u00fdjar og spennandi myndir<\/h2>\n\u00c1 me\u00f0al n\u00fdrra mynda sem vekja \u00e1huga eru <em>Leviticus<\/em> og <em>Nimrods<\/em>, b\u00e1\u00f0ar fr\u00e1 2026, sem hafa n\u00e1\u00f0 179 og 38 s\u00ed\u00f0uflettingum, me\u00f0 500% og 443% aukningu, \u00ed \u00feessari r\u00f6\u00f0. \u00deessar kvikmyndir vir\u00f0ast hafa n\u00e1\u00f0 a\u00f0 fanga athygli \u00e1horfenda me\u00f0 ferskum og spennandi s\u00f6gu\u00fer\u00e6\u00f0i.\n<h2><span style=\"font-weight: 400;\">[movie id=18692]<\/span><\/h2>\n<h2>\u00cdslenskar kvikmyndir \u00e1 upplei\u00f0<\/h2>\n\u00dea\u00f0 er \u00e1n\u00e6gjulegt a\u00f0 sj\u00e1 \u00edslenskar kvikmyndir \u00e1 listanum, \u00fear \u00e1 me\u00f0al <em>Heimaleikinn<\/em>\u00a0fr\u00e1 2023 me\u00f0 32 s\u00ed\u00f0uflettingar og 500% aukningu. A\u00f0 auki er <em>\u00c9g man \u00feig<\/em> fr\u00e1 2016 aftur a\u00f0 f\u00e1 athygli me\u00f0 22 s\u00ed\u00f0uflettingum. \u00deetta s\u00fdnir a\u00f0 \u00edslenskar s\u00f6gur eru enn a\u00f0 hitta beint \u00ed mark hj\u00e1 \u00e1horfendum.\n\n<span style=\"font-weight: 400;\">[movie id=16427]<\/span>\n\n\u00dea\u00f0 er greinilegt a\u00f0 b\u00e6\u00f0i n\u00fdjar og s\u00edgildar kvikmyndir eiga sinn sta\u00f0 \u00ed hj\u00f6rtum \u00e1horfenda og \u00fea\u00f0 ver\u00f0ur spennandi a\u00f0 sj\u00e1 hvernig \u00feessi \u00fer\u00f3un heldur \u00e1fram \u00e1 n\u00e6stu vikum.\n\nVi\u00f0 hvetjum alla til a\u00f0 skr\u00e1 sig inn og taka \u00fe\u00e1tt \u00ed samf\u00e9laginu h\u00e9r \u00e1 kvikmyndir.is,\u00a0 merkja vi\u00f0 myndir, skrifa gagnr\u00fdni, gefa stj\u00f6rnur og fleira.",
    "date":"2026-08-13 14:35:04",
    "link":"http:\/\/kvikmyndir.is\/frettir\/frett\/?id=181810"
  },
  {
    "ID":181799,
    "title":"Spider-Man heldur topps\u00e6ti helgarinnar",
    "content":"<strong>\u00der\u00e1tt fyrir 15% l\u00e6kkun helst Spider-Man: Brand New Day \u00e1 toppnum. Paw Patrol kemur sterkt inn.<\/strong>\n\nB\u00ed\u00f3helgin var vi\u00f0bur\u00f0ar\u00edk \u00fear sem <em>Spider-Man: Brand New Day<\/em> h\u00e9lt \u00e1fram a\u00f0 la\u00f0a a\u00f0 \u00e1horfendur, \u00fer\u00e1tt fyrir 15% minnkun \u00ed a\u00f0s\u00f3kn. Myndin n\u00e1\u00f0i a\u00f0 selja 11.709 mi\u00f0a \u00ed 14 s\u00fdningum og hala inn 25.558.770 kr\u00f3nur.\n\n<a href=\"https:\/\/kvikmyndir.is\/wp-content\/uploads\/2026\/08\/uigyutgyih.jpg\"><img class=\"aligncenter size-full wp-image-181709\" src=\"https:\/\/kvikmyndir.is\/wp-content\/uploads\/2026\/08\/uigyutgyih.jpg\" alt=\"\" width=\"1356\" height=\"902\" \/><\/a>\n<h2>N\u00fdir \u00e1horfendur fyrir Paw Patrol<\/h2>\nN\u00fdjasta myndin \u00ed <em>Paw Patrol<\/em> ser\u00edunni, <em>The Dino Movie<\/em>, e\u00f0a Hvolpasveitin, risae\u00f0lumyndin, kom inn \u00e1 lista \u00ed \u00feri\u00f0ja s\u00e6ti, me\u00f0 4.521 mi\u00f0a seldan \u00ed 11 s\u00fdningum. Myndin hala\u00f0i inn 7.567.530 kr\u00f3nur og er greinilegt a\u00f0 ungu \u00e1horfendurnir voru spenntir fyrir d\u00fdra\u00e6vint\u00fdrunum.\n<h2>A\u00f0rar breytingar \u00e1 toppnum<\/h2>\n<em>The Odyssey <\/em>h\u00e9lt sig \u00ed \u00f6\u00f0ru s\u00e6ti me\u00f0 4.694 mi\u00f0a og 10.648.353 kr\u00f3nur \u00ed tekjur. H\u00fan s\u00fdndi 18% aukningu fr\u00e1 s\u00ed\u00f0ustu viku, sem er athyglisvert fyrir mynd sem hefur veri\u00f0 \u00ed s\u00fdningum \u00ed fj\u00f3rar vikur.\n\n<em>Minions &amp; Monsters<\/em> f\u00e6r\u00f0ist ni\u00f0ur \u00ed fj\u00f3r\u00f0a s\u00e6ti me\u00f0 919 mi\u00f0a \u00ed fimm s\u00fdningum, en s\u00fdndi \u00fe\u00f3 29% aukningu fr\u00e1 vikunni \u00e1 undan. \u00dea\u00f0 er greinilegt a\u00f0 gulu kapparnir b\u00faa enn yfir talsver\u00f0um t\u00f6frum.\n<h2>St\u00e6rsta falli\u00f0<\/h2>\n<em>Evil Dead Burn<\/em> upplif\u00f0i st\u00e6rsta fall vikunnar me\u00f0 31% minnkun \u00ed tekjum, en seldi a\u00f0eins 65 mi\u00f0a.\n<h2>Heildara\u00f0s\u00f3kn<\/h2>\n\u00der\u00e1tt fyrir sveiflur \u00ed einst\u00f6kum myndum, var heildara\u00f0s\u00f3knin \u00e1 \u00edslenskum b\u00ed\u00f3um um 24.007 manns yfir helgina, sem er aukning um r\u00famlega 4.000 manns fr\u00e1 vikunni \u00e1 undan. \u00dea\u00f0 er lj\u00f3st a\u00f0 \u00edslenskir b\u00ed\u00f3gestir skila s\u00e9r \u00ed b\u00ed\u00f3 \u00feegar n\u00f3g er af skemmtilegum kvikmyndum \u00ed bo\u00f0i.",
    "date":"2026-08-11 11:13:50",
    "link":"http:\/\/kvikmyndir.is\/frettir\/frett\/?id=181799"
  },
  {
    "ID":181789,
    "title":"End of Oak Street spurningaleikur",
    "content":"<!-- wp:image {\"id\":181790,\"sizeSlug\":\"full\",\"linkDestination\":\"media\"} -->\n<figure class=\"wp-block-image size-full\"><a href=\"https:\/\/kvikmyndir.is\/wp-content\/uploads\/2026\/08\/endof.png\"><img src=\"https:\/\/kvikmyndir.is\/wp-content\/uploads\/2026\/08\/endof.png\" alt=\"\" class=\"wp-image-181790\"\/><\/a><\/figure>\n<!-- \/wp:image -->\n\n<!-- wp:paragraph -->\n<p>The End of Oak Street er r\u00e1\u00f0g\u00e1ta, v\u00edsindask\u00e1ldsaga og spennutryllir sem v\u00e6ntanleg er \u00ed b\u00ed\u00f3 n\u00e6sta fimmtudag. <\/p>\n<!-- \/wp:paragraph -->\n\n<!-- wp:paragraph -->\n<p>[movie id=18571]<\/p>\n<!-- \/wp:paragraph -->\n\n<!-- wp:paragraph -->\n<p>H\u00e9r fyrir ne\u00f0an er skemmtilegur spurningaleikur sem tengist myndinni.<\/p>\n<!-- \/wp:paragraph -->\n\n<!-- wp:paragraph -->\n<p>David Robert Mitchell, handritsh\u00f6fundur, leikstj\u00f3ri og framlei\u00f0andi THE END OF OAK STREET, vinnur n\u00fa a\u00f0 framhaldi hva\u00f0a vins\u00e6lu hryllingsspennumyndar fr\u00e1 2014, sem hann einnig skrifa\u00f0i, leikst\u00fdr\u00f0i og framleiddi?<\/p>\n<!-- \/wp:paragraph -->\n\n<!-- wp:list {\"ordered\":true,\"type\":\"lower-alpha\",\"start\":1} -->\n<ol start=\"1\" style=\"list-style-type:lower-alpha\" class=\"wp-block-list\"><!-- wp:list-item -->\n<li>Saw<\/li>\n<!-- \/wp:list-item -->\n\n<!-- wp:list-item -->\n<li>Annabelle<\/li>\n<!-- \/wp:list-item -->\n\n<!-- wp:list-item -->\n<li>It Follows<\/li>\n<!-- \/wp:list-item -->\n\n<!-- wp:list-item -->\n<li>Oculus<\/li>\n<!-- \/wp:list-item --><\/ol>\n<!-- \/wp:list -->\n\n<!-- wp:paragraph -->\n<p>AUKASPURNING: Hva\u00f0 heitir framhaldsmyndin? <\/p>\n<!-- \/wp:paragraph -->\n\n<!-- wp:paragraph -->\n<p>Framlei\u00f0andi THE END OF OAK STREET, J.J. Abrams, hefur st\u00fdrt nokkrum af vins\u00e6lustu kvikmyndaser\u00edum \u00feessarar aldar. \u00dear \u00e1 me\u00f0al eru hva\u00f0a st\u00f3rar v\u00edsindask\u00e1ldsagnaser\u00edur?<\/p>\n<!-- \/wp:paragraph -->\n\n<!-- wp:list {\"ordered\":true,\"type\":\"lower-alpha\",\"start\":1} -->\n<ol start=\"1\" style=\"list-style-type:lower-alpha\" class=\"wp-block-list\"><!-- wp:list-item -->\n<li>Star Wars<\/li>\n<!-- \/wp:list-item -->\n\n<!-- wp:list-item -->\n<li>Star Trek<\/li>\n<!-- \/wp:list-item -->\n\n<!-- wp:list-item -->\n<li>Planet of the Apes<\/li>\n<!-- \/wp:list-item -->\n\n<!-- wp:list-item -->\n<li>A og B<\/li>\n<!-- \/wp:list-item -->\n\n<!-- wp:list-item -->\n<li>B og C<\/li>\n<!-- \/wp:list-item --><\/ol>\n<!-- \/wp:list -->\n\n<!-- wp:paragraph -->\n<p>Anne Hathaway leikur Denise Platt, \u00fathverfam\u00f3\u00f0ur \u00e1 n\u00edunda \u00e1ratugnum, \u00ed THE END OF OAK STREET. Fyrir hva\u00f0a hlutverk, \u00fear sem h\u00fan l\u00e9k a\u00f0ra m\u00f3\u00f0ur sem gl\u00edmir vi\u00f0 heiminn, hlaut h\u00fan \u00d3skarsver\u00f0laun?<\/p>\n<!-- \/wp:paragraph -->\n\n<!-- wp:list {\"ordered\":true,\"type\":\"lower-alpha\",\"start\":1} -->\n<ol start=\"1\" style=\"list-style-type:lower-alpha\" class=\"wp-block-list\"><!-- wp:list-item -->\n<li>Mother Mary \u00ed Mother Mary<\/li>\n<!-- \/wp:list-item -->\n\n<!-- wp:list-item -->\n<li>C\u00e9line \u00ed Mother\u2019s Instinct<\/li>\n<!-- \/wp:list-item -->\n\n<!-- wp:list-item -->\n<li>Fantine \u00ed Les Miserables<\/li>\n<!-- \/wp:list-item -->\n\n<!-- wp:list-item -->\n<li>Sol\u00e8ne \u00ed The Idea of You<\/li>\n<!-- \/wp:list-item --><\/ol>\n<!-- \/wp:list -->\n\n<!-- wp:paragraph -->\n<p>AUKASPURNING: Hva\u00f0a lag var h\u00e1punktur \u00e1hrifamikillar frammist\u00f6\u00f0u hennar sem f\u00e6r\u00f0i henni \u00d3skarsver\u00f0launin? <\/p>\n<!-- \/wp:paragraph -->\n\n<!-- wp:paragraph -->\n<p>\u00cd THE END OF OAK STREET leikur Ewan McGregor Greg Platt, \u00fathverfaf\u00f6\u00f0ur \u00e1 n\u00edunda \u00e1ratugnum. Hva\u00f0a heims\u00feekkta fatah\u00f6nnu\u00f0 fr\u00e1 \u00feessum t\u00edma, sem var kalla\u00f0ur konungur bandar\u00edsks \u00ed\u00fer\u00f3ttafatna\u00f0ar, l\u00e9k McGregor \u00ed stuttri sj\u00f3nvarpsser\u00edu?<\/p>\n<!-- \/wp:paragraph -->\n\n<!-- wp:list {\"ordered\":true,\"type\":\"lower-alpha\",\"start\":1} -->\n<ol start=\"1\" style=\"list-style-type:lower-alpha\" class=\"wp-block-list\"><!-- wp:list-item -->\n<li>Calvin Klein<\/li>\n<!-- \/wp:list-item -->\n\n<!-- wp:list-item -->\n<li>Halston<\/li>\n<!-- \/wp:list-item -->\n\n<!-- wp:list-item -->\n<li>Ralph Lauren<\/li>\n<!-- \/wp:list-item -->\n\n<!-- wp:list-item -->\n<li>Michael Kors<\/li>\n<!-- \/wp:list-item --><\/ol>\n<!-- \/wp:list -->\n\n<!-- wp:paragraph -->\n<p>Maisy Stella leikur unglinginn Audrey Platt \u00ed THE END OF OAK STREET. H\u00fan l\u00e9k \u00e1\u00f0ur Elliott \u00ed My Old Ass, \u00fear sem pers\u00f3nan hittir 39 \u00e1ra \u00fatg\u00e1fu af sj\u00e1lfri s\u00e9r. Hva\u00f0a leikkona l\u00e9k eldri Elliott?<\/p>\n<!-- \/wp:paragraph -->\n\n<!-- wp:list {\"ordered\":true,\"type\":\"lower-alpha\",\"start\":1} -->\n<ol start=\"1\" style=\"list-style-type:lower-alpha\" class=\"wp-block-list\"><!-- wp:list-item -->\n<li>Aubrey Plaza<\/li>\n<!-- \/wp:list-item -->\n\n<!-- wp:list-item -->\n<li>Alison Brie<\/li>\n<!-- \/wp:list-item -->\n\n<!-- wp:list-item -->\n<li>Natasha Lyonne<\/li>\n<!-- \/wp:list-item -->\n\n<!-- wp:list-item -->\n<li>Kat Dennings<\/li>\n<!-- \/wp:list-item --><\/ol>\n<!-- \/wp:list -->\n\n<!-- wp:paragraph -->\n<p>Christian Convery, sem leikur Brian Platt \u00ed THE END OF OAK STREET, l\u00e9k Victor, unga \u00fatg\u00e1fu af metna\u00f0arfullum uppfinningamanni sem gengur skrefi of langt me\u00f0 verk sitt, \u00ed hva\u00f0a b\u00f3kmenntaa\u00f0l\u00f6gun Guillermo del Toro?<\/p>\n<!-- \/wp:paragraph -->\n\n<!-- wp:list {\"ordered\":true,\"type\":\"lower-alpha\",\"start\":1} -->\n<ol start=\"1\" style=\"list-style-type:lower-alpha\" class=\"wp-block-list\"><!-- wp:list-item -->\n<li>Pinnochio<\/li>\n<!-- \/wp:list-item -->\n\n<!-- wp:list-item -->\n<li>Hellboy<\/li>\n<!-- \/wp:list-item -->\n\n<!-- wp:list-item -->\n<li>Frankenstein<\/li>\n<!-- \/wp:list-item -->\n\n<!-- wp:list-item -->\n<li>Nightmare Alley<\/li>\n<!-- \/wp:list-item --><\/ol>\n<!-- \/wp:list -->\n\n<!-- wp:paragraph -->\n<p>AUKASPURNING: Hver l\u00e9k hlutverki\u00f0 \u00e1 fullor\u00f0ins\u00e1rum? <\/p>\n<!-- \/wp:paragraph -->\n\n<!-- wp:paragraph -->\n<p>\u00cd THE END OF OAK STREET heitir \u00e1stk\u00e6r hundur Platt-fj\u00f6lskyldunnar Starbuck. Hann ber sama nafn og klass\u00edsk b\u00f3kmenntapers\u00f3na, sem einnig er uppruni nafns hinnar v\u00ed\u00f0fr\u00e6gu kaffike\u00f0ju. \u00dar hva\u00f0a verki er pers\u00f3nan?<\/p>\n<!-- \/wp:paragraph -->\n\n<!-- wp:list {\"ordered\":true,\"type\":\"lower-alpha\",\"start\":1} -->\n<ol start=\"1\" style=\"list-style-type:lower-alpha\" class=\"wp-block-list\"><!-- wp:list-item -->\n<li>\u00d3dysseifskvi\u00f0a<\/li>\n<!-- \/wp:list-item -->\n\n<!-- wp:list-item -->\n<li>Il\u00edonskvi\u00f0a<\/li>\n<!-- \/wp:list-item -->\n\n<!-- wp:list-item -->\n<li>\u00c6vint\u00fdri Huckleberry Finn<\/li>\n<!-- \/wp:list-item -->\n\n<!-- wp:list-item -->\n<li>Moby Dick<\/li>\n<!-- \/wp:list-item --><\/ol>\n<!-- \/wp:list -->\n\n<!-- wp:paragraph -->\n<p>AUKASPURNING: Hva\u00f0a hlutverki gegnir Starbuck \u00ed s\u00f6gunni? <\/p>\n<!-- \/wp:paragraph -->\n\n<!-- wp:paragraph -->\n<p>Fors\u00f6gulegar skepnur gegna st\u00f3ru hlutverki \u00ed l\u00edfsbar\u00e1ttu Platt-fj\u00f6lskyldunnar \u00ed THE END OF OAK STREET. Hva\u00f0a risae\u00f0la var fyrst \u00ed v\u00edsindas\u00f6gunni til a\u00f0 vera uppg\u00f6tvu\u00f0 og formlega nefnd?<\/p>\n<!-- \/wp:paragraph -->\n\n<!-- wp:list {\"ordered\":true,\"type\":\"lower-alpha\",\"start\":1} -->\n<ol start=\"1\" style=\"list-style-type:lower-alpha\" class=\"wp-block-list\"><!-- wp:list-item -->\n<li>Tyrannosaurus Rex<\/li>\n<!-- \/wp:list-item -->\n\n<!-- wp:list-item -->\n<li>Allosaurus<\/li>\n<!-- \/wp:list-item -->\n\n<!-- wp:list-item -->\n<li>Megalosaurus<\/li>\n<!-- \/wp:list-item -->\n\n<!-- wp:list-item -->\n<li>Stegosaurus<\/li>\n<!-- \/wp:list-item --><\/ol>\n<!-- \/wp:list -->\n\n<!-- wp:paragraph -->\n<p>THE END OF OAK STREET gerist \u00ed \u00fathverfi snemma \u00e1 n\u00edunda \u00e1ratugnum. Hva\u00f0a vins\u00e6lu t\u00f6lvuleiki \u00feess t\u00edma g\u00e6tu unglingarnir Audrey og Brian Platt hafa spila\u00f0?<\/p>\n<!-- \/wp:paragraph -->\n\n<!-- wp:list {\"ordered\":true,\"type\":\"lower-alpha\",\"start\":1} -->\n<ol start=\"1\" style=\"list-style-type:lower-alpha\" class=\"wp-block-list\"><!-- wp:list-item -->\n<li>Pac-Man<\/li>\n<!-- \/wp:list-item -->\n\n<!-- wp:list-item -->\n<li>Donkey Kong<\/li>\n<!-- \/wp:list-item -->\n\n<!-- wp:list-item -->\n<li>Galaga<\/li>\n<!-- \/wp:list-item -->\n\n<!-- wp:list-item -->\n<li>Dig Dug<\/li>\n<!-- \/wp:list-item -->\n\n<!-- wp:list-item -->\n<li>Allt ofangreint<\/li>\n<!-- \/wp:list-item --><\/ol>\n<!-- \/wp:list -->\n\n<!-- wp:paragraph -->\n<p>AUKASPURNING: Hver af leikjunum h\u00e9r a\u00f0 ofan kom fyrst \u00fat, \u00e1ri\u00f0 1980? <\/p>\n<!-- \/wp:paragraph -->\n\n<!-- wp:paragraph -->\n<p>THE END OF OAK STREET gerist snemma \u00e1 n\u00edunda \u00e1ratugnum, fr\u00e1b\u00e6rum t\u00edma fyrir t\u00f3nlist. Hva\u00f0a hlj\u00f3msveit flytur lagi\u00f0 \u201eFind Your Way Back\u201c, sem \u00e1 s\u00e9rstaklega vel vi\u00f0 \u00e6vint\u00fdri\u00f0 \u00ed myndinni?<\/p>\n<!-- \/wp:paragraph -->\n\n<!-- wp:list {\"ordered\":true,\"type\":\"lower-alpha\",\"start\":1} -->\n<ol start=\"1\" style=\"list-style-type:lower-alpha\" class=\"wp-block-list\"><!-- wp:list-item -->\n<li>Starship<\/li>\n<!-- \/wp:list-item -->\n\n<!-- wp:list-item -->\n<li>Jefferson Airplane<\/li>\n<!-- \/wp:list-item -->\n\n<!-- wp:list-item -->\n<li>Jefferson Starship<\/li>\n<!-- \/wp:list-item -->\n\n<!-- wp:list-item -->\n<li>Ekkert ofangreint<\/li>\n<!-- \/wp:list-item --><\/ol>\n<!-- \/wp:list -->\n\n<!-- wp:separator -->\n<hr class=\"wp-block-separator has-alpha-channel-opacity\"\/>\n<!-- \/wp:separator -->\n\n<!-- wp:paragraph -->\n<p>Sv\u00f6rin eru h\u00e9r a\u00f0 ne\u00f0an og sv\u00f6r vi\u00f0 aukaspurningum ne\u00f0st: <\/p>\n<!-- \/wp:paragraph -->\n\n<!-- wp:list {\"ordered\":true,\"type\":\"lower-alpha\",\"start\":1} -->\n<ol start=\"1\" style=\"list-style-type:lower-alpha\" class=\"wp-block-list\"><!-- wp:list-item -->\n<li>Saw<\/li>\n<!-- \/wp:list-item -->\n\n<!-- wp:list-item -->\n<li>Annabelle<\/li>\n<!-- \/wp:list-item -->\n\n<!-- wp:list-item -->\n<li><strong>It Follows<\/strong><\/li>\n<!-- \/wp:list-item -->\n\n<!-- wp:list-item -->\n<li>Oculus<\/li>\n<!-- \/wp:list-item --><\/ol>\n<!-- \/wp:list -->\n\n<!-- wp:list {\"ordered\":true,\"type\":\"lower-alpha\",\"start\":1} -->\n<ol start=\"1\" style=\"list-style-type:lower-alpha\" class=\"wp-block-list\"><!-- wp:list-item -->\n<li>Star Wars<\/li>\n<!-- \/wp:list-item -->\n\n<!-- wp:list-item -->\n<li>Star Trek<\/li>\n<!-- \/wp:list-item -->\n\n<!-- wp:list-item -->\n<li>Planet of the Apes<\/li>\n<!-- \/wp:list-item -->\n\n<!-- wp:list-item -->\n<li><strong>A og B<\/strong><\/li>\n<!-- \/wp:list-item -->\n\n<!-- wp:list-item -->\n<li>B og C<\/li>\n<!-- \/wp:list-item --><\/ol>\n<!-- \/wp:list -->\n\n<!-- wp:list {\"ordered\":true,\"type\":\"lower-alpha\",\"start\":1} -->\n<ol start=\"1\" style=\"list-style-type:lower-alpha\" class=\"wp-block-list\"><!-- wp:list-item -->\n<li>Mother Mary \u00ed Mother Mary<\/li>\n<!-- \/wp:list-item -->\n\n<!-- wp:list-item -->\n<li>C\u00e9line \u00ed Mother\u2019s Instinct<\/li>\n<!-- \/wp:list-item -->\n\n<!-- wp:list-item -->\n<li><strong>Fantine \u00ed Les Miserables<\/strong><\/li>\n<!-- \/wp:list-item -->\n\n<!-- wp:list-item -->\n<li>Sol\u00e8ne \u00ed The Idea of You<\/li>\n<!-- \/wp:list-item --><\/ol>\n<!-- \/wp:list -->\n\n<!-- wp:list {\"ordered\":true,\"type\":\"lower-alpha\",\"start\":1} -->\n<ol start=\"1\" style=\"list-style-type:lower-alpha\" class=\"wp-block-list\"><!-- wp:list-item -->\n<li>Calvin Klein<\/li>\n<!-- \/wp:list-item -->\n\n<!-- wp:list-item -->\n<li><strong>Halston<\/strong><\/li>\n<!-- \/wp:list-item -->\n\n<!-- wp:list-item -->\n<li>Ralph Lauren<\/li>\n<!-- \/wp:list-item -->\n\n<!-- wp:list-item -->\n<li>Michael Kors<\/li>\n<!-- \/wp:list-item --><\/ol>\n<!-- \/wp:list -->\n\n<!-- wp:list {\"ordered\":true,\"type\":\"lower-alpha\",\"start\":1} -->\n<ol start=\"1\" style=\"list-style-type:lower-alpha\" class=\"wp-block-list\"><!-- wp:list-item -->\n<li><strong>Aubrey Plaza<\/strong><\/li>\n<!-- \/wp:list-item -->\n\n<!-- wp:list-item -->\n<li>Alison Brie<\/li>\n<!-- \/wp:list-item -->\n\n<!-- wp:list-item -->\n<li>Natasha Lyonne<\/li>\n<!-- \/wp:list-item -->\n\n<!-- wp:list-item -->\n<li>Kat Dennings<\/li>\n<!-- \/wp:list-item --><\/ol>\n<!-- \/wp:list -->\n\n<!-- wp:list {\"ordered\":true,\"type\":\"lower-alpha\",\"start\":1} -->\n<ol start=\"1\" style=\"list-style-type:lower-alpha\" class=\"wp-block-list\"><!-- wp:list-item -->\n<li>Pinnochio<\/li>\n<!-- \/wp:list-item -->\n\n<!-- wp:list-item -->\n<li>Hellboy<\/li>\n<!-- \/wp:list-item -->\n\n<!-- wp:list-item -->\n<li><strong>Frankenstein<\/strong><\/li>\n<!-- \/wp:list-item -->\n\n<!-- wp:list-item -->\n<li>Nightmare Alley<\/li>\n<!-- \/wp:list-item --><\/ol>\n<!-- \/wp:list -->\n\n<!-- wp:list {\"ordered\":true,\"type\":\"lower-alpha\",\"start\":1} -->\n<ol start=\"1\" style=\"list-style-type:lower-alpha\" class=\"wp-block-list\"><!-- wp:list-item -->\n<li>\u00d3dysseifskvi\u00f0a<\/li>\n<!-- \/wp:list-item -->\n\n<!-- wp:list-item -->\n<li>Il\u00edonskvi\u00f0a<\/li>\n<!-- \/wp:list-item -->\n\n<!-- wp:list-item -->\n<li>\u00c6vint\u00fdri Huckleberry Finn<\/li>\n<!-- \/wp:list-item -->\n\n<!-- wp:list-item -->\n<li><strong>Moby Dick<\/strong><\/li>\n<!-- \/wp:list-item --><\/ol>\n<!-- \/wp:list -->\n\n<!-- wp:list {\"ordered\":true,\"type\":\"lower-alpha\",\"start\":1} -->\n<ol start=\"1\" style=\"list-style-type:lower-alpha\" class=\"wp-block-list\"><!-- wp:list-item -->\n<li>Tyrannosaurus Rex<\/li>\n<!-- \/wp:list-item -->\n\n<!-- wp:list-item -->\n<li>Allosaurus<\/li>\n<!-- \/wp:list-item -->\n\n<!-- wp:list-item -->\n<li><strong>Megalosaurus<\/strong><\/li>\n<!-- \/wp:list-item -->\n\n<!-- wp:list-item -->\n<li>Stegosaurus<\/li>\n<!-- \/wp:list-item --><\/ol>\n<!-- \/wp:list -->\n\n<!-- wp:list {\"ordered\":true,\"type\":\"lower-alpha\",\"start\":1} -->\n<ol start=\"1\" style=\"list-style-type:lower-alpha\" class=\"wp-block-list\"><!-- wp:list-item -->\n<li>Pac-Man<\/li>\n<!-- \/wp:list-item -->\n\n<!-- wp:list-item -->\n<li>Donkey Kong<\/li>\n<!-- \/wp:list-item -->\n\n<!-- wp:list-item -->\n<li>Galaga<\/li>\n<!-- \/wp:list-item -->\n\n<!-- wp:list-item -->\n<li>Dig Dug<\/li>\n<!-- \/wp:list-item -->\n\n<!-- wp:list-item -->\n<li><strong>Allt ofangreint<\/strong><\/li>\n<!-- \/wp:list-item --><\/ol>\n<!-- \/wp:list -->\n\n<!-- wp:list {\"ordered\":true,\"type\":\"lower-alpha\",\"start\":1} -->\n<ol start=\"1\" style=\"list-style-type:lower-alpha\" class=\"wp-block-list\"><!-- wp:list-item -->\n<li>Starship<\/li>\n<!-- \/wp:list-item -->\n\n<!-- wp:list-item -->\n<li>Jefferson Airplane<\/li>\n<!-- \/wp:list-item -->\n\n<!-- wp:list-item -->\n<li><strong>Jefferson Starship<\/strong><\/li>\n<!-- \/wp:list-item -->\n\n<!-- wp:list-item -->\n<li>Ekkert ofangreint<\/li>\n<!-- \/wp:list-item --><\/ol>\n<!-- \/wp:list -->\n\n<!-- wp:separator -->\n<hr class=\"wp-block-separator has-alpha-channel-opacity\"\/>\n<!-- \/wp:separator -->\n\n<!-- wp:paragraph -->\n<p>Sv\u00f6r vi\u00f0 aukaspurningum: <\/p>\n<!-- \/wp:paragraph -->\n\n<!-- wp:paragraph -->\n<p><strong>They Follow<\/strong><\/p>\n<!-- \/wp:paragraph -->\n\n<!-- wp:paragraph -->\n<p><strong>\u201eI Dreamed A Dream\u201c<\/strong><\/p>\n<!-- \/wp:paragraph -->\n\n<!-- wp:paragraph -->\n<p><strong>Oscar Isaac<\/strong><\/p>\n<!-- \/wp:paragraph -->\n\n<!-- wp:paragraph -->\n<p><strong>Fyrsti st\u00fdrima\u00f0ur hvalvei\u00f0iskipsins<\/strong><\/p>\n<!-- \/wp:paragraph -->\n\n<!-- wp:paragraph -->\n<p><strong>Pac-Man<\/strong><\/p>\n<!-- \/wp:paragraph -->\n\n<!-- wp:paragraph -->\n<p><\/p>\n<!-- \/wp:paragraph -->",
    "date":"2026-08-08 16:00:46",
    "link":"http:\/\/kvikmyndir.is\/frettir\/frett\/?id=181789"
  },
  {
    "ID":181752,
    "title":"Vins\u00e6last \u00e1 Sj\u00f3nvarpi S\u00edmans Premium \u00feessa dagana",
    "content":"<!-- wp:paragraph -->\n<p>\u00cdslenskar \u00fe\u00e1ttara\u00f0ir eru \u00e1berandi me\u00f0al vins\u00e6lasta efnisins \u00e1 Sj\u00f3nvarpi S\u00edmans Premium \u00feessa dagana.<\/p>\n<!-- \/wp:paragraph -->\n\n<!-- wp:gallery {\"linkTo\":\"file\"} -->\n<figure class=\"wp-block-gallery has-nested-images columns-default is-cropped\"><!-- wp:image {\"id\":181753,\"sizeSlug\":\"large\",\"linkDestination\":\"media\"} -->\n<figure class=\"wp-block-image size-large\"><a href=\"https:\/\/kvikmyndir.is\/wp-content\/uploads\/2026\/08\/images-13.jpg\"><img src=\"https:\/\/kvikmyndir.is\/wp-content\/uploads\/2026\/08\/images-13.jpg\" alt=\"\" class=\"wp-image-181753\"\/><\/a><\/figure>\n<!-- \/wp:image -->\n\n<!-- wp:image {\"id\":181755,\"sizeSlug\":\"large\",\"linkDestination\":\"media\"} -->\n<figure class=\"wp-block-image size-large\"><a href=\"https:\/\/kvikmyndir.is\/wp-content\/uploads\/2026\/08\/tvdb_poster_18440.jpg\"><img src=\"https:\/\/kvikmyndir.is\/wp-content\/uploads\/2026\/08\/tvdb_poster_18440.jpg\" alt=\"\" class=\"wp-image-181755\"\/><\/a><\/figure>\n<!-- \/wp:image -->\n\n<!-- wp:image {\"id\":181754,\"sizeSlug\":\"large\",\"linkDestination\":\"media\"} -->\n<figure class=\"wp-block-image size-large\"><a href=\"https:\/\/kvikmyndir.is\/wp-content\/uploads\/2026\/08\/tvdb_poster_18247.png\"><img src=\"https:\/\/kvikmyndir.is\/wp-content\/uploads\/2026\/08\/tvdb_poster_18247.png\" alt=\"\" class=\"wp-image-181754\"\/><\/a><\/figure>\n<!-- \/wp:image --><\/figure>\n<!-- \/wp:gallery -->\n\n<!-- wp:paragraph -->\n<p>Me\u00f0al vins\u00e6lustu titlanna eru gl\u00e6pa\u00fe\u00e1ttar\u00f6\u00f0in <em>Hildur<\/em>, sem bygg\u00f0 er \u00e1 mets\u00f6lub\u00f3kum Satu R\u00e4m\u00f6, spennu\u00fe\u00e6ttirnir <em>Heimaey<\/em> og <em>R\u00f6skun<\/em>, gaman\u00fe\u00e6ttirnir <em>H\u00e6st<\/em> og fj\u00f6lskyldumyndin <em>S\u00f3lon og s\u00f3larkristallarnir<\/em>. \u00de\u00e1 er bandar\u00edska spennu\u00fe\u00e1ttar\u00f6\u00f0in <em>CIA<\/em> einnig \u00e1berandi me\u00f0al \u00feess efnis sem \u00fej\u00f3nustan dregur s\u00e9rstaklega fram.<\/p>\n<!-- \/wp:paragraph -->\n\n<!-- wp:image {\"id\":181757,\"sizeSlug\":\"full\",\"linkDestination\":\"media\",\"align\":\"center\"} -->\n<figure class=\"wp-block-image aligncenter size-full\"><a href=\"https:\/\/kvikmyndir.is\/wp-content\/uploads\/2026\/08\/170904491_eutodo.jpg\"><img src=\"https:\/\/kvikmyndir.is\/wp-content\/uploads\/2026\/08\/170904491_eutodo-edited.jpg\" alt=\"\" class=\"wp-image-181757\"\/><\/a><figcaption class=\"wp-element-caption\"><em>Hildur<\/em>, sem bygg\u00f0 er \u00e1 mets\u00f6lub\u00f3kum Satu R\u00e4m\u00f6, hefur noti\u00f0 mikilla vins\u00e6lda hj\u00e1 \u00e1skrifendum Sj\u00f3nvarps S\u00edmans Premium.<\/figcaption><\/figure>\n<!-- \/wp:image -->\n\n<!-- wp:paragraph -->\n<p>\u00dej\u00f3nustan b\u00fd\u00f0ur jafnframt upp \u00e1 fj\u00f6lbreytt \u00farval innlends og erlends sj\u00f3nvarpsefnis. \u00dear m\u00e1 me\u00f0al annars finna \u00fe\u00e1ttara\u00f0ir \u00e1 bor\u00f0 vi\u00f0 <em>Dutton Ranch<\/em>, sem heldur \u00e1fram s\u00f6gunni \u00far <em>Yellowstone<\/em>-heiminum, auk raunveruleika\u00fe\u00e1ttanna <em>Love Island UK<\/em> og d\u00f6nsku gaman\u00fe\u00e1ttanna <em>Klovn<\/em>.<\/p>\n<!-- \/wp:paragraph -->\n\n<!-- wp:gallery {\"linkTo\":\"file\"} -->\n<figure class=\"wp-block-gallery has-nested-images columns-default is-cropped\"><!-- wp:image {\"id\":181765,\"sizeSlug\":\"large\",\"linkDestination\":\"media\",\"align\":\"center\"} -->\n<figure class=\"wp-block-image aligncenter size-large\"><a href=\"https:\/\/kvikmyndir.is\/wp-content\/uploads\/2026\/08\/dutton-ranch-051326-1-1b93877be909412d86df38abd1c8941b.jpg\"><img src=\"https:\/\/kvikmyndir.is\/wp-content\/uploads\/2026\/08\/dutton-ranch-051326-1-1b93877be909412d86df38abd1c8941b-edited.jpg\" alt=\"\" class=\"wp-image-181765\"\/><\/a><\/figure>\n<!-- \/wp:image -->\n\n<!-- wp:image {\"id\":181760,\"sizeSlug\":\"large\",\"linkDestination\":\"media\"} -->\n<figure class=\"wp-block-image size-large\"><a href=\"https:\/\/kvikmyndir.is\/wp-content\/uploads\/2026\/08\/rgtrhyujtigtr.jpg\"><img src=\"https:\/\/kvikmyndir.is\/wp-content\/uploads\/2026\/08\/rgtrhyujtigtr-1024x575.jpg\" alt=\"\" class=\"wp-image-181760\"\/><\/a><\/figure>\n<!-- \/wp:image -->\n\n<!-- wp:image {\"id\":181758,\"sizeSlug\":\"large\",\"linkDestination\":\"media\"} -->\n<figure class=\"wp-block-image size-large\"><a href=\"https:\/\/kvikmyndir.is\/wp-content\/uploads\/2026\/08\/retyuifff.jpg\"><img src=\"https:\/\/kvikmyndir.is\/wp-content\/uploads\/2026\/08\/retyuifff-1024x575.jpg\" alt=\"\" class=\"wp-image-181758\"\/><\/a><\/figure>\n<!-- \/wp:image --><\/figure>\n<!-- \/wp:gallery -->\n\n<!-- wp:paragraph -->\n<p>Me\u00f0 Sj\u00f3nvarpi S\u00edmans Premium fylgir einnig a\u00f0gangur a\u00f0 HBO Max og Hayu. \u00c1 HBO Max m\u00e1 me\u00f0al annars finna l\u00e6knadrama\u00f0 <em>The Pitt<\/em>, gl\u00e6pa\u00fe\u00e1ttar\u00f6\u00f0ina <em>Task<\/em> me\u00f0 Mark Ruffalo, st\u00f3rmyndina <em>A Minecraft Movie<\/em>, n\u00fdjustu <em>Superman<\/em> myndina og vins\u00e6lt efni \u00far heimi <em>Game of Thrones<\/em>. \u00dear \u00e1 me\u00f0al eru <em>A Knight of the Seven Kingdoms<\/em> og \u00feri\u00f0ja \u00fe\u00e1ttar\u00f6\u00f0 <em>House of the Dragon<\/em>, en loka\u00fe\u00e1ttur t\u00edmabilsins ver\u00f0ur s\u00fdndur n\u00e6sta sunnudag.<\/p>\n<!-- \/wp:paragraph -->\n\n<!-- wp:image {\"id\":181762,\"sizeSlug\":\"large\",\"linkDestination\":\"media\",\"align\":\"center\"} -->\n<figure class=\"wp-block-image aligncenter size-large\"><a href=\"https:\/\/kvikmyndir.is\/wp-content\/uploads\/2026\/08\/xKg4vxQ6LW35hN8zPvPVmk-1920-80.jpg\"><img src=\"https:\/\/kvikmyndir.is\/wp-content\/uploads\/2026\/08\/xKg4vxQ6LW35hN8zPvPVmk-1920-80-1024x576.jpg\" alt=\"\" class=\"wp-image-181762\"\/><\/a><figcaption class=\"wp-element-caption\"><em>House of the Dragon<\/em> heldur \u00e1fram s\u00f6gu Targaryen-\u00e6ttarinnar \u00ed heimi <em>Game of Thrones<\/em>, en loka\u00fe\u00e1ttur \u00feri\u00f0ju \u00fe\u00e1ttara\u00f0ar ver\u00f0ur s\u00fdndur n\u00e6sta sunnudag.<\/figcaption><\/figure>\n<!-- \/wp:image -->\n\n<!-- wp:paragraph -->\n<p>Me\u00f0 Premium-\u00e1skrift fylgir sta\u00f0la\u00f0ur HBO Max a\u00f0gangur en jafnframt er h\u00e6gt a\u00f0 uppf\u00e6ra \u00ed HBO Max Premium sem b\u00fd\u00f0ur upp \u00e1 4K UHD myndg\u00e6\u00f0i, Dolby Atmos hlj\u00f3\u00f0, fleiri samt\u00edmastrauma og a\u00f0gang a\u00f0 HBO Sport. \u00de\u00e1 fylgir einnig Hayu, sem s\u00e9rh\u00e6fir sig \u00ed raunveruleika\u00fe\u00e1ttum og l\u00edfsst\u00edlsefni.<\/p>\n<!-- \/wp:paragraph -->",
    "date":"2026-08-05 22:00:43",
    "link":"http:\/\/kvikmyndir.is\/frettir\/frett\/?id=181752"
  }
]